{"id":2105,"date":"2001-08-22T17:10:03","date_gmt":"2001-08-22T15:10:03","guid":{"rendered":"http:\/\/autodesignmagazine.com\/en\/2001\/08\/ripensando-il-lusso\/"},"modified":"2015-11-25T12:13:22","modified_gmt":"2015-11-25T11:13:22","slug":"ripensando-il-lusso","status":"publish","type":"post","link":"https:\/\/autodesignmagazine.com\/en\/2001\/08\/ripensando-il-lusso\/","title":{"rendered":"Ripensando il lusso"},"content":{"rendered":"<div class=\"fusion-text fusion-text-1\"><p>Il mondo dell&#8217;automobile ha sub\u00ecto un processo di democratizzazione. Oggi le vetture di classe medio-bassa offrono di serie o in opzione quasi tutte le caratteristiche tecniche dei pi\u00f9 sontuosi modelli top di gamma tradizionali. Se in passato le vetture di lusso si distinguevano per ricchezza di accessori, funzioni, dimensioni e costi, oggi minivan, monovolume e SUV offrono invariabilmente abitacoli pi\u00f9 ampi rispetto alle tradizionali marche di alto livello, a un costo molto inferiore.<\/p>\n<p>L&#8217;unica caratteristica specifica delle auto di lusso sono i sistemi che impediscono alla vettura di inclinarsi in curva, e per avere il controllo elettronico della stabilit\u00e0 occorre acquistare una grossa BMW o Mercedes.<\/p>\n<p>Alla luce di quanto detto, come si possono creare nuovi paradigmi del lusso, e in cosa devono consistere? In termini diretti, lusso significa possedere qualcosa che gli altri non hanno. Allora lusso \u00e8 la silenziosit\u00e0 e l&#8217;affidabilit\u00e0 della Lexus, &#8220;emula&#8221; di una tedesca di cui non avr\u00e0 mai il carattere ma che supera in qualit\u00e0; \u00e8 lusso lo spazio, che Renault ha messo al centro nel progettare Vel Satis e Avantime, vetture dallo spirito libero e adatte al movimento quanto alla sosta; \u00e8 lusso la semplificazione che si ritrova nella nuova BMW Serie 7, dove ogni singolo comando esegue varie funzioni.<\/p>\n<p>\u00c8 probabile che il futuro del lusso risieda nella semplicit\u00e0, non in una crescente complessit\u00e0. I comandi vocali costituiscono una soluzione degna di approfondimento e sviluppo. La riduzione del volume fisico dei sedili e dell&#8217;arredamento dell&#8217;abitacolo per favorire la percezione di uno spazio pi\u00f9 ampio dar\u00e0 buoni risultati.<\/p>\n<p>Ci\u00f2 che \u00e8 certo, \u00e8 che si assister\u00e0 a un cambiamento dell&#8217;architettura delle automobili; e come sempre, la direzione sar\u00e0 determinata dai designer pi\u00f9 geniali.<\/p>\n<p><small><strong>L\u2019articolo continua su Auto &amp; Design n. 129<\/strong><\/small><\/p>\n<\/div>\n","protected":false},"excerpt":{"rendered":"","protected":false},"author":6,"featured_media":0,"comment_status":"closed","ping_status":"open","sticky":false,"template":"","format":"standard","meta":{"footnotes":""},"categories":[39,87],"tags":[],"class_list":["post-2105","post","type-post","status-publish","format-standard","hentry","category-archive","category-extra-en"],"publishpress_future_action":{"enabled":false,"date":"2026-05-09 13:07:26","action":"change-status","newStatus":"draft","terms":[],"taxonomy":"category","extraData":[]},"publishpress_future_workflow_manual_trigger":{"enabledWorkflows":[]},"_links":{"self":[{"href":"https:\/\/autodesignmagazine.com\/en\/wp-json\/wp\/v2\/posts\/2105","targetHints":{"allow":["GET"]}}],"collection":[{"href":"https:\/\/autodesignmagazine.com\/en\/wp-json\/wp\/v2\/posts"}],"about":[{"href":"https:\/\/autodesignmagazine.com\/en\/wp-json\/wp\/v2\/types\/post"}],"author":[{"embeddable":true,"href":"https:\/\/autodesignmagazine.com\/en\/wp-json\/wp\/v2\/users\/6"}],"replies":[{"embeddable":true,"href":"https:\/\/autodesignmagazine.com\/en\/wp-json\/wp\/v2\/comments?post=2105"}],"version-history":[{"count":0,"href":"https:\/\/autodesignmagazine.com\/en\/wp-json\/wp\/v2\/posts\/2105\/revisions"}],"wp:attachment":[{"href":"https:\/\/autodesignmagazine.com\/en\/wp-json\/wp\/v2\/media?parent=2105"}],"wp:term":[{"taxonomy":"category","embeddable":true,"href":"https:\/\/autodesignmagazine.com\/en\/wp-json\/wp\/v2\/categories?post=2105"},{"taxonomy":"post_tag","embeddable":true,"href":"https:\/\/autodesignmagazine.com\/en\/wp-json\/wp\/v2\/tags?post=2105"}],"curies":[{"name":"wp","href":"https:\/\/api.w.org\/{rel}","templated":true}]}}