{"id":2133,"date":"2001-08-22T09:53:21","date_gmt":"2001-08-22T07:53:21","guid":{"rendered":"http:\/\/autodesignmagazine.com\/en\/2001\/08\/le-proposte-delle-scuole-europee\/"},"modified":"2015-11-18T11:51:54","modified_gmt":"2015-11-18T10:51:54","slug":"le-proposte-delle-scuole-europee","status":"publish","type":"post","link":"https:\/\/autodesignmagazine.com\/en\/2001\/08\/le-proposte-delle-scuole-europee\/","title":{"rendered":"Le proposte delle scuole europee"},"content":{"rendered":"<div class=\"fusion-text fusion-text-1\"><p><a href=\"http:\/\/autodesignmagazine.com\/wp-content\/uploads\/2015\/11\/2208200102_Le_Proposte_Delle_Scuole_Europee.jpg\"><img decoding=\"async\" class=\"lazyload  wp-image-2127 alignleft\" src=\"http:\/\/autodesignmagazine.com\/wp-content\/uploads\/2015\/11\/2208200102_Le_Proposte_Delle_Scuole_Europee-300x160.jpg\" data-orig-src=\"http:\/\/autodesignmagazine.com\/wp-content\/uploads\/2015\/11\/2208200102_Le_Proposte_Delle_Scuole_Europee-300x160.jpg\" alt=\"2208200102_Le_Proposte_Delle_Scuole_Europee\" width=\"293\" height=\"156\" srcset=\"data:image\/svg+xml,%3Csvg%20xmlns%3D%27http%3A%2F%2Fwww.w3.org%2F2000%2Fsvg%27%20width%3D%27293%27%20height%3D%27156%27%20viewBox%3D%270%200%20293%20156%27%3E%3Crect%20width%3D%27293%27%20height%3D%27156%27%20fill-opacity%3D%220%22%2F%3E%3C%2Fsvg%3E\" data-srcset=\"https:\/\/autodesignmagazine.com\/wp-content\/uploads\/2015\/11\/2208200102_Le_Proposte_Delle_Scuole_Europee-300x160.jpg 300w, https:\/\/autodesignmagazine.com\/wp-content\/uploads\/2015\/11\/2208200102_Le_Proposte_Delle_Scuole_Europee.jpg 360w\" data-sizes=\"auto\" data-orig-sizes=\"(max-width: 293px) 100vw, 293px\" \/><\/a>Torino, Parigi, Stoccolma. Su questi tre punti si snoda un percorso ideale tra scuole di design da sud a nord del vecchio continente, e Auto &amp; Design lo compie nel numero 129 occupandosi dei progetti di fine anno di quattro istituti tra i pi\u00f9 importanti d&#8217;Europa. Sono l&#8217;Istituto d&#8217;Arte Applicata e Design e l&#8217;Istituto Europeo di Design, entrambi di Torino; lo Strate Coll\u00e8ge di Issy-les-Moulineaux vicino a Parigi e l&#8217;Umea College di Umea a nord di Stoccolma.<\/p>\n<p>&nbsp;<\/p>\n<p><a href=\"http:\/\/autodesignmagazine.com\/wp-content\/uploads\/2015\/11\/2208200103_Le_Proposte_Delle_Scuole_Europee.jpg\"><img decoding=\"async\" class=\"lazyload size-medium wp-image-2128 alignleft\" src=\"http:\/\/autodesignmagazine.com\/wp-content\/uploads\/2015\/11\/2208200103_Le_Proposte_Delle_Scuole_Europee-300x124.jpg\" data-orig-src=\"http:\/\/autodesignmagazine.com\/wp-content\/uploads\/2015\/11\/2208200103_Le_Proposte_Delle_Scuole_Europee-300x124.jpg\" alt=\"2208200103_Le_Proposte_Delle_Scuole_Europee\" width=\"300\" height=\"124\" srcset=\"data:image\/svg+xml,%3Csvg%20xmlns%3D%27http%3A%2F%2Fwww.w3.org%2F2000%2Fsvg%27%20width%3D%27300%27%20height%3D%27124%27%20viewBox%3D%270%200%20300%20124%27%3E%3Crect%20width%3D%27300%27%20height%3D%27124%27%20fill-opacity%3D%220%22%2F%3E%3C%2Fsvg%3E\" data-srcset=\"https:\/\/autodesignmagazine.com\/wp-content\/uploads\/2015\/11\/2208200103_Le_Proposte_Delle_Scuole_Europee-300x124.jpg 300w, https:\/\/autodesignmagazine.com\/wp-content\/uploads\/2015\/11\/2208200103_Le_Proposte_Delle_Scuole_Europee.jpg 360w\" data-sizes=\"auto\" data-orig-sizes=\"(max-width: 300px) 100vw, 300px\" \/><\/a>A sottolineare come il legame tra scuole e mondo del lavoro sia sempre pi\u00f9 stretto &#8211; \u00e8 ormai raro che un designer sia autodidatta o si formi presso una &#8220;bottega&#8221; &#8211; un dato: tre dei quattro progetti trattati sono assegnati da un&#8217;azienda automobilistica e svolti con la supervisione della stessa.\u00a0I due Istituti di italiani hanno partecipato al progetto sponsorizzato dal Centro Ricerche Fiat per lo sviluppo di una station wagon sportiva.<\/p>\n<p>&nbsp;<\/p>\n<p>&#8220;La transportivit\u00e0 evoluta&#8221; era il tema, portato avanti con riferimento al marchio Alfa Romeo sotto lo sguardo del direttore del design della casa, Andreas Zapatinas.<\/p>\n<p>A commissionare il lavoro agli studenti dello Strate Coll\u00e8ge ha pensato invece il gruppo americano General Motors, confermando, tra l&#8217;altro, la vocazione sempre pi\u00f9 internazionale della scuola francese.\u00a0Il tema sottoposto ai ragazzi da Anne Asencio, responsabile immagine del Gruppo, chiedeva un veicolo che portasse agli estremi l&#8217;immagine di Chevrolet e una visione futuristica della leggendaria Corvette.<\/p>\n<p>Diversa infine l&#8217;impostazione dei progetti di fine anno al Master in transportation design dello svedese Umea College. Molta libert\u00e0 e un unico vincolo: lavorare a un veicolo che esprimesse una precisa identit\u00e0, un&#8217;idea, una tendenza, un punto di vista. Come dire che finch\u00e9 si \u00e8 a scuola, ci si pu\u00f2 permettere di sognare.<\/p>\n<p><small><strong>L\u2019articolo continua su Auto &amp; Design n. 129<\/strong><\/small><\/p>\n<\/div>\n","protected":false},"excerpt":{"rendered":"","protected":false},"author":15,"featured_media":0,"comment_status":"closed","ping_status":"open","sticky":false,"template":"","format":"standard","meta":{"footnotes":""},"categories":[39,50],"tags":[],"class_list":["post-2133","post","type-post","status-publish","format-standard","hentry","category-archive","category-school-students-en"],"publishpress_future_action":{"enabled":false,"date":"2026-05-09 13:43:56","action":"change-status","newStatus":"draft","terms":[],"taxonomy":"category","extraData":[]},"publishpress_future_workflow_manual_trigger":{"enabledWorkflows":[]},"_links":{"self":[{"href":"https:\/\/autodesignmagazine.com\/en\/wp-json\/wp\/v2\/posts\/2133","targetHints":{"allow":["GET"]}}],"collection":[{"href":"https:\/\/autodesignmagazine.com\/en\/wp-json\/wp\/v2\/posts"}],"about":[{"href":"https:\/\/autodesignmagazine.com\/en\/wp-json\/wp\/v2\/types\/post"}],"author":[{"embeddable":true,"href":"https:\/\/autodesignmagazine.com\/en\/wp-json\/wp\/v2\/users\/15"}],"replies":[{"embeddable":true,"href":"https:\/\/autodesignmagazine.com\/en\/wp-json\/wp\/v2\/comments?post=2133"}],"version-history":[{"count":0,"href":"https:\/\/autodesignmagazine.com\/en\/wp-json\/wp\/v2\/posts\/2133\/revisions"}],"wp:attachment":[{"href":"https:\/\/autodesignmagazine.com\/en\/wp-json\/wp\/v2\/media?parent=2133"}],"wp:term":[{"taxonomy":"category","embeddable":true,"href":"https:\/\/autodesignmagazine.com\/en\/wp-json\/wp\/v2\/categories?post=2133"},{"taxonomy":"post_tag","embeddable":true,"href":"https:\/\/autodesignmagazine.com\/en\/wp-json\/wp\/v2\/tags?post=2133"}],"curies":[{"name":"wp","href":"https:\/\/api.w.org\/{rel}","templated":true}]}}