{"id":2382,"date":"2002-04-17T13:04:10","date_gmt":"2002-04-17T11:04:10","guid":{"rendered":"http:\/\/autodesignmagazine.com\/en\/2002\/04\/ginevra-emozioni-misurate\/"},"modified":"2015-11-25T12:12:03","modified_gmt":"2015-11-25T11:12:03","slug":"ginevra-emozioni-misurate","status":"publish","type":"post","link":"https:\/\/autodesignmagazine.com\/en\/2002\/04\/ginevra-emozioni-misurate\/","title":{"rendered":"Ginevra, emozioni misurate"},"content":{"rendered":"<p><div class=\"fusion-text fusion-text-1\"><p>L&#8217;edizione 2002 del Salone di Ginevra aveva un carattere decisamente svizzero, cio\u00e8 placido, prospero, un po&#8217; riservato e leggermente noioso. Non che mancassero i veicoli sensazionali, come l&#8217;Italdesign Brera, sportiva di tutto rispetto, o la Nissan Yanya, simile pi\u00f9 a un elettrodomestico che a un&#8217;automobile, ma per un motivo o per l&#8217;altro l&#8217;evento \u00e8 stato meno interessante di alcune edizioni precedenti.<\/p>\n<p>La Fiat-PSA ha lanciato il quartetto di monovolume Citro\u00ebn C8, Fiat Ulysse, Lancia Phedra e Peugeot 807, e la Renault la nuova versione dell&#8217;Espace, leader di categoria, eppure cinque scatole di latta in grado di trasportare otto o nove persone emozionano quanto cinque scatole di latta in cui tenere freddi la carne e il formaggio.<\/p>\n<p>La Volkswagen ha presentato una gigantesca limousine, la Phaeton, che costa quanto una mezza dozzina di Golf; la Rover-MG, fornita di capitali insufficienti e di nuovo in difficolt\u00e0, ha proposto una concept car veramente interessante. Troppo povera per realizzare il prototipo, la casa inglese ha presentato un modello statico con i vetri oscurati.<\/p>\n<p>L&#8217;impressione al Salone di Ginevra \u00e8 di instabilit\u00e0 del settore nel suo complesso. La Skoda, fino a non molto tempo fa marchio-barzelletta di un paese sotto il giogo comunista, ora produce veicoli eccellenti con meccaniche del gruppo Volkswagen.<\/p>\n<p>Tra i futuri veicoli non in mostra a Ginevra, c&#8217;era la Porsche Cayenne SUV, di cui erano visibili solo alcune fotografie confinate in parti abbastanza inaccessibili dello stand Porsche. Pare che questa vettura banale ed esteticamente insignificante &#8220;sia meglio delle foto&#8221;.<\/p>\n<p>Ricapitolando, l&#8217;edizione di quest&#8217;anno del Salone di Ginevra \u00e8 stata interessante, non eccezionale, ma almeno c&#8217;\u00e8 stata, cosa che non si pu\u00f2 dire della rimpianta manifestazione di Torino.<\/p>\n<p><small><strong>L\u2019articolo continua su Auto &amp; Design n. 133<\/strong><\/small><\/p>\n<\/div>[images picture_size=&#8221;fixed&#8221; hover_type=&#8221;none&#8221; autoplay=&#8221;no&#8221; columns=&#8221;5&#8243; column_spacing=&#8221;13&#8243; scroll_items=&#8221;&#8221; show_nav=&#8221;yes&#8221; mouse_scroll=&#8221;no&#8221; border=&#8221;yes&#8221; lightbox=&#8221;yes&#8221; class=&#8221;&#8221; id=&#8221;&#8221;][image link=&#8221;&#8221; linktarget=&#8221;_self&#8221; image=&#8221;http:\/\/autodesignmagazine.com\/wp-content\/uploads\/2015\/11\/1704200201_Ginevra_Emozioni_Misurate-300&#215;152.jpg&#8221; alt=&#8221;&#8221;][image link=&#8221;&#8221; linktarget=&#8221;_self&#8221; image=&#8221;http:\/\/autodesignmagazine.com\/wp-content\/uploads\/2015\/11\/1704200202_Ginevra_Emozioni_Misurate-300&#215;152.jpg&#8221; alt=&#8221;&#8221;][image link=&#8221;&#8221; linktarget=&#8221;_self&#8221; image=&#8221;http:\/\/autodesignmagazine.com\/wp-content\/uploads\/2015\/11\/1704200203_Ginevra_Emozioni_Misurate-300&#215;152.jpg&#8221; alt=&#8221;&#8221;][\/images]<\/p>\n","protected":false},"excerpt":{"rendered":"<p>[images picture_size=&#8221;fixed&#8221; hover_type=&#8221;none&#8221; autoplay=&#8221;no&#8221; columns=&#8221;5&#8243; column_spacing=&#8221;13&#8243; scroll_items=&#8221;&#8221; show_nav=&#8221;yes&#8221; mouse_scroll=&#8221;no&#8221; border=&#8221;yes&#8221; lightbox=&#8221;yes&#8221; class=&#8221;&#8221; id=&#8221;&#8221;][image link=&#8221;&#8221; linktarget=&#8221;_self&#8221; image=&#8221;http:\/\/autodesignmagazine.com\/wp-content\/uploads\/2015\/11\/1704200201_Ginevra_Emozioni_Misurate-300&#215;152.jpg&#8221; alt=&#8221;&#8221;][image link=&#8221;&#8221; linktarget=&#8221;_self&#8221; image=&#8221;http:\/\/autodesignmagazine.com\/wp-content\/uploads\/2015\/11\/1704200202_Ginevra_Emozioni_Misurate-300&#215;152.jpg&#8221; alt=&#8221;&#8221;][image link=&#8221;&#8221; linktarget=&#8221;_self&#8221; image=&#8221;http:\/\/autodesignmagazine.com\/wp-content\/uploads\/2015\/11\/1704200203_Ginevra_Emozioni_Misurate-300&#215;152.jpg&#8221; alt=&#8221;&#8221;][\/images]<\/p>\n","protected":false},"author":6,"featured_media":0,"comment_status":"closed","ping_status":"open","sticky":false,"template":"","format":"standard","meta":{"footnotes":""},"categories":[39,87],"tags":[],"class_list":["post-2382","post","type-post","status-publish","format-standard","hentry","category-archive","category-extra-en"],"publishpress_future_action":{"enabled":false,"date":"2026-05-10 17:15:51","action":"change-status","newStatus":"draft","terms":[],"taxonomy":"category","extraData":[]},"publishpress_future_workflow_manual_trigger":{"enabledWorkflows":[]},"_links":{"self":[{"href":"https:\/\/autodesignmagazine.com\/en\/wp-json\/wp\/v2\/posts\/2382","targetHints":{"allow":["GET"]}}],"collection":[{"href":"https:\/\/autodesignmagazine.com\/en\/wp-json\/wp\/v2\/posts"}],"about":[{"href":"https:\/\/autodesignmagazine.com\/en\/wp-json\/wp\/v2\/types\/post"}],"author":[{"embeddable":true,"href":"https:\/\/autodesignmagazine.com\/en\/wp-json\/wp\/v2\/users\/6"}],"replies":[{"embeddable":true,"href":"https:\/\/autodesignmagazine.com\/en\/wp-json\/wp\/v2\/comments?post=2382"}],"version-history":[{"count":0,"href":"https:\/\/autodesignmagazine.com\/en\/wp-json\/wp\/v2\/posts\/2382\/revisions"}],"wp:attachment":[{"href":"https:\/\/autodesignmagazine.com\/en\/wp-json\/wp\/v2\/media?parent=2382"}],"wp:term":[{"taxonomy":"category","embeddable":true,"href":"https:\/\/autodesignmagazine.com\/en\/wp-json\/wp\/v2\/categories?post=2382"},{"taxonomy":"post_tag","embeddable":true,"href":"https:\/\/autodesignmagazine.com\/en\/wp-json\/wp\/v2\/tags?post=2382"}],"curies":[{"name":"wp","href":"https:\/\/api.w.org\/{rel}","templated":true}]}}