{"id":2673,"date":"2003-04-16T17:06:21","date_gmt":"2003-04-16T15:06:21","guid":{"rendered":"http:\/\/autodesignmagazine.com\/en\/2003\/04\/audi-nuvolari-enunciazione-dintenti\/"},"modified":"2015-11-24T17:23:53","modified_gmt":"2015-11-24T16:23:53","slug":"audi-nuvolari-enunciazione-dintenti","status":"publish","type":"post","link":"https:\/\/autodesignmagazine.com\/en\/2003\/04\/audi-nuvolari-enunciazione-dintenti\/","title":{"rendered":"Audi Nuvolari, enunciazione d&#8217;intenti"},"content":{"rendered":"<p><div class=\"fusion-text fusion-text-1\"><p>Cambiare tutto affinch\u00e9 nulla cambi. Avere il coraggio di evolvere un design apprezzato e di successo, per andare oltre e continuare a essere un punto di riferimento per i concorrenti cos\u00ec come per i clienti. La direzione del nuovo orientamento estetico dell&#8217;Audi \u00e8 stata annunciata ufficialmente a Ginevra sotto forma di prototipo marciante: il grande coup\u00e9 granturismo Nuvolari quattro.<\/p>\n<p>\u00abQuesta vettura \u00e8 il manifesto di quello che sar\u00e0 il futuro design del marchio\u00bb, spiega Walter de&#8217; Silva, direttore del Design di Audi Brand Group. \u00abNuvolari \u00e8 una concept car che rappresenta tutti i nuovi criteri che introdurremo delle vetture i produzione: disegno del frontale, trattamento della fiancata, architettura, geometrie e coerenza formale sono tutti visualizzati in questo prototipo\u00bb.<\/p>\n<p>La grande griglia verticale che domina l&#8217;anteriore \u00e8 l&#8217;elemento forte della vettura, l&#8217;aspetto che pi\u00f9 ha colpito a prima vista i visitatori dello stand di Ginevra, richiamando alla loro memoria le antiche Auto Union da corsa. \u00abLa calandra a sviluppo verticale che separa i fari e le due griglie inferiori non \u00e8 solo una provocazione, ma la base di progetti futuri\u00bb, precisa de&#8217; Silva.<\/p>\n<p>Anche per l&#8217;interno ci sono cambiamenti dichiarati. Come gi\u00e0 preannunciato dalla Pikes Peak, la Nuvolari conferma che d&#8217;ora in poi le vetture dei quattro anelli avranno la plancia orientata verso il guidatore. \u00abQuesta concept car \u00e8 importante anche in termini di prodotto. Audi \u00e8 tecnica, sportivit\u00e0 e design\u00bb, conclude de&#8217; Silva citando la missione del marchio. Ora si aggiunge anche l&#8217;emozione. Lo stesso nome del prototipo ha un certo sapore romantico, legato alla tradizione storica: Tazio Nuvolari \u00e8 stato l&#8217;ultimo pilota a vincere un Grand Prix con una Auto Union, a Budapest nel 1939.<\/p>\n<p><small><strong>L\u2019articolo continua su Auto &amp; Design n. 139<\/strong><\/small><\/p>\n<\/div>[images picture_size=&#8221;fixed&#8221; hover_type=&#8221;none&#8221; autoplay=&#8221;no&#8221; columns=&#8221;5&#8243; column_spacing=&#8221;13&#8243; scroll_items=&#8221;&#8221; show_nav=&#8221;yes&#8221; mouse_scroll=&#8221;no&#8221; border=&#8221;yes&#8221; lightbox=&#8221;yes&#8221; class=&#8221;&#8221; id=&#8221;&#8221;][image link=&#8221;&#8221; linktarget=&#8221;_self&#8221; image=&#8221;http:\/\/autodesignmagazine.com\/wp-content\/uploads\/2015\/11\/1604200301_Audi_Nuvolari-300&#215;192.jpg&#8221; alt=&#8221;&#8221;][image link=&#8221;&#8221; linktarget=&#8221;_self&#8221; image=&#8221;http:\/\/autodesignmagazine.com\/wp-content\/uploads\/2015\/11\/1604200303_Renault_M\u00e9gane1-300&#215;192.jpg&#8221; alt=&#8221;&#8221;][image link=&#8221;&#8221; linktarget=&#8221;_self&#8221; image=&#8221;http:\/\/autodesignmagazine.com\/wp-content\/uploads\/2015\/11\/1604200303_Audi_Nuvolari-300&#215;192.jpg&#8221; alt=&#8221;&#8221;][\/images]<\/p>\n","protected":false},"excerpt":{"rendered":"<p>[images picture_size=&#8221;fixed&#8221; hover_type=&#8221;none&#8221; autoplay=&#8221;no&#8221; columns=&#8221;5&#8243; column_spacing=&#8221;13&#8243; scroll_items=&#8221;&#8221; show_nav=&#8221;yes&#8221; mouse_scroll=&#8221;no&#8221; border=&#8221;yes&#8221; lightbox=&#8221;yes&#8221; class=&#8221;&#8221; id=&#8221;&#8221;][image link=&#8221;&#8221; linktarget=&#8221;_self&#8221; image=&#8221;http:\/\/autodesignmagazine.com\/wp-content\/uploads\/2015\/11\/1604200301_Audi_Nuvolari-300&#215;192.jpg&#8221; alt=&#8221;&#8221;][image link=&#8221;&#8221; linktarget=&#8221;_self&#8221; image=&#8221;http:\/\/autodesignmagazine.com\/wp-content\/uploads\/2015\/11\/1604200303_Renault_M\u00e9gane1-300&#215;192.jpg&#8221; alt=&#8221;&#8221;][image link=&#8221;&#8221; linktarget=&#8221;_self&#8221; image=&#8221;http:\/\/autodesignmagazine.com\/wp-content\/uploads\/2015\/11\/1604200303_Audi_Nuvolari-300&#215;192.jpg&#8221; alt=&#8221;&#8221;][\/images]<\/p>\n","protected":false},"author":3,"featured_media":0,"comment_status":"closed","ping_status":"open","sticky":false,"template":"","format":"standard","meta":{"footnotes":""},"categories":[39,31],"tags":[],"class_list":["post-2673","post","type-post","status-publish","format-standard","hentry","category-archive","category-concept-en"],"publishpress_future_action":{"enabled":false,"date":"2026-05-03 14:13:00","action":"change-status","newStatus":"draft","terms":[],"taxonomy":"category","extraData":[]},"publishpress_future_workflow_manual_trigger":{"enabledWorkflows":[]},"_links":{"self":[{"href":"https:\/\/autodesignmagazine.com\/en\/wp-json\/wp\/v2\/posts\/2673","targetHints":{"allow":["GET"]}}],"collection":[{"href":"https:\/\/autodesignmagazine.com\/en\/wp-json\/wp\/v2\/posts"}],"about":[{"href":"https:\/\/autodesignmagazine.com\/en\/wp-json\/wp\/v2\/types\/post"}],"author":[{"embeddable":true,"href":"https:\/\/autodesignmagazine.com\/en\/wp-json\/wp\/v2\/users\/3"}],"replies":[{"embeddable":true,"href":"https:\/\/autodesignmagazine.com\/en\/wp-json\/wp\/v2\/comments?post=2673"}],"version-history":[{"count":0,"href":"https:\/\/autodesignmagazine.com\/en\/wp-json\/wp\/v2\/posts\/2673\/revisions"}],"wp:attachment":[{"href":"https:\/\/autodesignmagazine.com\/en\/wp-json\/wp\/v2\/media?parent=2673"}],"wp:term":[{"taxonomy":"category","embeddable":true,"href":"https:\/\/autodesignmagazine.com\/en\/wp-json\/wp\/v2\/categories?post=2673"},{"taxonomy":"post_tag","embeddable":true,"href":"https:\/\/autodesignmagazine.com\/en\/wp-json\/wp\/v2\/tags?post=2673"}],"curies":[{"name":"wp","href":"https:\/\/api.w.org\/{rel}","templated":true}]}}