{"id":30624,"date":"2018-09-13T12:11:48","date_gmt":"2018-09-13T10:11:48","guid":{"rendered":"http:\/\/autodesignmagazine.com\/2018\/09\/alexadre-malval-head-of-design-daimler-a-nizza\/"},"modified":"2018-10-01T14:59:09","modified_gmt":"2018-10-01T12:59:09","slug":"alexandre-malval-head-of-design-daimler-a-nizza","status":"publish","type":"post","link":"https:\/\/autodesignmagazine.com\/en\/2018\/09\/alexandre-malval-head-of-design-daimler-a-nizza\/","title":{"rendered":"ALEXANDRE MALVAL HEAD OF DESIGN DAIMLER IN NICE"},"content":{"rendered":"<p><div class=\"fusion-fullwidth fullwidth-box fusion-builder-row-1 nonhundred-percent-fullwidth non-hundred-percent-height-scrolling\" style=\"--awb-border-radius-top-left:0px;--awb-border-radius-top-right:0px;--awb-border-radius-bottom-right:0px;--awb-border-radius-bottom-left:0px;--awb-flex-wrap:wrap;\" ><div class=\"fusion-builder-row fusion-row\"><div class=\"fusion-layout-column fusion_builder_column fusion-builder-column-0 fusion_builder_column_1_1 1_1 fusion-one-full fusion-column-first fusion-column-last\" style=\"--awb-bg-size:cover;\"><div class=\"fusion-column-wrapper fusion-flex-column-wrapper-legacy\"><div class=\"fusion-text fusion-text-1\"><p>Alexandre Malval, 48, is to be head of Daimler AG&#8217;s new design studio near Nice. He comes from the French manufacturer PSA, where he was head of the entire design department for the Citro\u00ebn brand.<\/p>\n<p>&#8220;We are very pleased to have attracted Alexandre to the Mercedes star. His expertise and talent greatly enhance our international team,&#8221; says Gorden Wagener, Chief Design Officer Daimler AG. &#8220;With our new design center, we are returning to the origins of our brand in southern France. Mercedes-Benz is the automotive luxury brand which we will develop further, under outstanding conditions, on the C\u00f4te d\u2019Azure,&#8221; Wagener adds.<\/p>\n<p>With the new centre in France&#8217;s &#8220;Silicon Valley&#8221;, Mercedes-Benz is making a return to one of the birthplaces of the brand. It was in 1899 that Emil Jellinek, a businessman resident in Nice, first took part in car races on the C\u00f4te d&#8217;Azur under the pseudonym &#8220;Monsieur Merc\u00e9d\u00e8s&#8221;, the first name of his daughter Merc\u00e9d\u00e8s. In 1902 Daimler-Motoren-Gesellschaft (DMG) registered &#8220;Mercedes&#8221; as a protected trademark.<\/p>\n<p>Mercedes-Benz is adding to its global network of Advanced Design Centres: With its centre in the Sophia Antipolis Science and Technology Park, Mercedes-Benz is strengthening the creative and innovative potential of its global design network, which keeps track of trends around the world while allowing new ideas from different continents and cultures to feed into automotive design. Some 50 designers from every discipline will help to endow the brand and products of Mercedes-Benz with unmistakable and timeless forms. In the new centre, teams from all design disciplines (exterior, interior, advanced and UI\/UX design) will be accommodated in an ultra-modern working environment to develop projects of the future for the brands and business units of Daimler AG.<\/p>\n<p>Key career stages of Alexandre Malval<\/p>\n<p>Since 2012 &#8211; Design Director, CENTRE DE CREATION CITRO\u00cbN, Paris<\/p>\n<p>2009 \u2013 2012 &#8211; Design Manager. CENTRE DE STYLE PEUGEOT, Paris<\/p>\n<p>2001 \u2013 2010 &#8211; Design Manager, CENTRE DE CREATION CITRO\u00cbN, Paris<\/p>\n<p>1996 \u2013 2001 &#8211; Designer Supervisor, DESIGN CENTER EUROPE, Volkswagen, Barcelona<\/p>\n<p>1994 \u2013 1996 &#8211; Exterior Designer. RENAULT, Advanced Design Department, Paris<\/p>\n<p>1993 \u2013 1994 &#8211; ESDI, Industrial Design College, Transportation Design course, Paris<\/p>\n<\/div><div class=\"fusion-clearfix\"><\/div><\/div><\/div><\/div><\/div><div class=\"fusion-fullwidth fullwidth-box fusion-builder-row-2 nonhundred-percent-fullwidth non-hundred-percent-height-scrolling\" style=\"--awb-border-radius-top-left:0px;--awb-border-radius-top-right:0px;--awb-border-radius-bottom-right:0px;--awb-border-radius-bottom-left:0px;--awb-flex-wrap:wrap;\" ><div class=\"fusion-builder-row fusion-row\"><div class=\"fusion-layout-column fusion_builder_column fusion-builder-column-1 fusion_builder_column_1_3 1_3 fusion-one-third fusion-column-first\" style=\"--awb-bg-size:cover;width:33.333333333333%;width:calc(33.333333333333% - ( ( 4% + 4% ) * 0.33333333333333 ) );margin-right: 4%;\"><div class=\"fusion-column-wrapper fusion-flex-column-wrapper-legacy\"><div class=\"fusion-image-element in-legacy-container\" style=\"--awb-caption-title-font-family:var(--h2_typography-font-family);--awb-caption-title-font-weight:var(--h2_typography-font-weight);--awb-caption-title-font-style:var(--h2_typography-font-style);--awb-caption-title-size:var(--h2_typography-font-size);--awb-caption-title-transform:var(--h2_typography-text-transform);--awb-caption-title-line-height:var(--h2_typography-line-height);--awb-caption-title-letter-spacing:var(--h2_typography-letter-spacing);\"><span class=\" fusion-imageframe imageframe-none imageframe-1 hover-type-none\"><a href=\"http:\/\/autodesignmagazine.com\/wp-content\/uploads\/2018\/09\/2018091303_Malval_Daimler_Nice.jpg\" class=\"fusion-lightbox\" data-rel=\"iLightbox[7152874f09b7d12a8d2]\" data-title=\"2018091303_Malval_Daimler_Nice\" title=\"2018091303_Malval_Daimler_Nice\"><img decoding=\"async\" width=\"720\" height=\"480\" alt=\"Malval Daimler\" src=\"https:\/\/autodesignmagazine.com\/wp-content\/uploads\/2018\/09\/2018091303_Malval_Daimler_Nice.jpg\" data-orig-src=\"http:\/\/autodesignmagazine.com\/wp-content\/uploads\/2018\/09\/2018091303_Malval_Daimler_Nice.jpg\" class=\"lazyload img-responsive wp-image-30619\" srcset=\"data:image\/svg+xml,%3Csvg%20xmlns%3D%27http%3A%2F%2Fwww.w3.org%2F2000%2Fsvg%27%20width%3D%27720%27%20height%3D%27480%27%20viewBox%3D%270%200%20720%20480%27%3E%3Crect%20width%3D%27720%27%20height%3D%27480%27%20fill-opacity%3D%220%22%2F%3E%3C%2Fsvg%3E\" data-srcset=\"https:\/\/autodesignmagazine.com\/wp-content\/uploads\/2018\/09\/2018091303_Malval_Daimler_Nice-200x133.jpg 200w, https:\/\/autodesignmagazine.com\/wp-content\/uploads\/2018\/09\/2018091303_Malval_Daimler_Nice-400x267.jpg 400w, https:\/\/autodesignmagazine.com\/wp-content\/uploads\/2018\/09\/2018091303_Malval_Daimler_Nice-600x400.jpg 600w, https:\/\/autodesignmagazine.com\/wp-content\/uploads\/2018\/09\/2018091303_Malval_Daimler_Nice.jpg 720w\" data-sizes=\"auto\" data-orig-sizes=\"(max-width: 800px) 100vw, 400px\" \/><\/a><\/span><\/div><div class=\"fusion-clearfix\"><\/div><\/div><\/div><div class=\"fusion-layout-column fusion_builder_column fusion-builder-column-2 fusion_builder_column_1_3 1_3 fusion-one-third\" style=\"--awb-bg-size:cover;width:33.333333333333%;width:calc(33.333333333333% - ( ( 4% + 4% ) * 0.33333333333333 ) );margin-right: 4%;\"><div class=\"fusion-column-wrapper fusion-flex-column-wrapper-legacy\"><div class=\"fusion-image-element in-legacy-container\" style=\"--awb-caption-title-font-family:var(--h2_typography-font-family);--awb-caption-title-font-weight:var(--h2_typography-font-weight);--awb-caption-title-font-style:var(--h2_typography-font-style);--awb-caption-title-size:var(--h2_typography-font-size);--awb-caption-title-transform:var(--h2_typography-text-transform);--awb-caption-title-line-height:var(--h2_typography-line-height);--awb-caption-title-letter-spacing:var(--h2_typography-letter-spacing);\"><span class=\" fusion-imageframe imageframe-none imageframe-2 hover-type-none\"><a href=\"http:\/\/autodesignmagazine.com\/wp-content\/uploads\/2018\/09\/20180913_02_Malval_Daimler_Nice.jpg\" class=\"fusion-lightbox\" data-rel=\"iLightbox[50dca0a6263c300fc71]\" data-title=\"20180913_02_Malval_Daimler_Nice\" title=\"20180913_02_Malval_Daimler_Nice\"><img decoding=\"async\" width=\"720\" height=\"480\" alt=\"Malval Daimler\" src=\"https:\/\/autodesignmagazine.com\/wp-content\/uploads\/2018\/09\/20180913_02_Malval_Daimler_Nice.jpg\" data-orig-src=\"http:\/\/autodesignmagazine.com\/wp-content\/uploads\/2018\/09\/20180913_02_Malval_Daimler_Nice.jpg\" class=\"lazyload img-responsive wp-image-30615\" srcset=\"data:image\/svg+xml,%3Csvg%20xmlns%3D%27http%3A%2F%2Fwww.w3.org%2F2000%2Fsvg%27%20width%3D%27720%27%20height%3D%27480%27%20viewBox%3D%270%200%20720%20480%27%3E%3Crect%20width%3D%27720%27%20height%3D%27480%27%20fill-opacity%3D%220%22%2F%3E%3C%2Fsvg%3E\" data-srcset=\"https:\/\/autodesignmagazine.com\/wp-content\/uploads\/2018\/09\/20180913_02_Malval_Daimler_Nice-200x133.jpg 200w, https:\/\/autodesignmagazine.com\/wp-content\/uploads\/2018\/09\/20180913_02_Malval_Daimler_Nice-400x267.jpg 400w, https:\/\/autodesignmagazine.com\/wp-content\/uploads\/2018\/09\/20180913_02_Malval_Daimler_Nice-600x400.jpg 600w, https:\/\/autodesignmagazine.com\/wp-content\/uploads\/2018\/09\/20180913_02_Malval_Daimler_Nice.jpg 720w\" data-sizes=\"auto\" data-orig-sizes=\"(max-width: 800px) 100vw, 400px\" \/><\/a><\/span><\/div><div class=\"fusion-clearfix\"><\/div><\/div><\/div><div class=\"fusion-layout-column fusion_builder_column fusion-builder-column-3 fusion_builder_column_1_3 1_3 fusion-one-third fusion-column-last\" style=\"--awb-bg-size:cover;width:33.333333333333%;width:calc(33.333333333333% - ( ( 4% + 4% ) * 0.33333333333333 ) );\"><div class=\"fusion-column-wrapper fusion-flex-column-wrapper-legacy\"><div class=\"fusion-image-element in-legacy-container\" style=\"--awb-caption-title-font-family:var(--h2_typography-font-family);--awb-caption-title-font-weight:var(--h2_typography-font-weight);--awb-caption-title-font-style:var(--h2_typography-font-style);--awb-caption-title-size:var(--h2_typography-font-size);--awb-caption-title-transform:var(--h2_typography-text-transform);--awb-caption-title-line-height:var(--h2_typography-line-height);--awb-caption-title-letter-spacing:var(--h2_typography-letter-spacing);\"><span class=\" fusion-imageframe imageframe-none imageframe-3 hover-type-none\"><a href=\"http:\/\/autodesignmagazine.com\/wp-content\/uploads\/2018\/09\/2018091304_Malval_Daimler_Nice.jpg\" class=\"fusion-lightbox\" data-rel=\"iLightbox[d1c0fb57444ee466c3f]\" data-title=\"2018091304_Malval_Daimler_Nice\" title=\"2018091304_Malval_Daimler_Nice\"><img decoding=\"async\" width=\"614\" height=\"480\" alt=\"Malval Daimler\" src=\"https:\/\/autodesignmagazine.com\/wp-content\/uploads\/2018\/09\/2018091304_Malval_Daimler_Nice.jpg\" data-orig-src=\"http:\/\/autodesignmagazine.com\/wp-content\/uploads\/2018\/09\/2018091304_Malval_Daimler_Nice.jpg\" class=\"lazyload img-responsive wp-image-30621\" srcset=\"data:image\/svg+xml,%3Csvg%20xmlns%3D%27http%3A%2F%2Fwww.w3.org%2F2000%2Fsvg%27%20width%3D%27614%27%20height%3D%27480%27%20viewBox%3D%270%200%20614%20480%27%3E%3Crect%20width%3D%27614%27%20height%3D%27480%27%20fill-opacity%3D%220%22%2F%3E%3C%2Fsvg%3E\" data-srcset=\"https:\/\/autodesignmagazine.com\/wp-content\/uploads\/2018\/09\/2018091304_Malval_Daimler_Nice-200x156.jpg 200w, https:\/\/autodesignmagazine.com\/wp-content\/uploads\/2018\/09\/2018091304_Malval_Daimler_Nice-400x313.jpg 400w, https:\/\/autodesignmagazine.com\/wp-content\/uploads\/2018\/09\/2018091304_Malval_Daimler_Nice-600x469.jpg 600w, https:\/\/autodesignmagazine.com\/wp-content\/uploads\/2018\/09\/2018091304_Malval_Daimler_Nice.jpg 614w\" data-sizes=\"auto\" data-orig-sizes=\"(max-width: 800px) 100vw, 400px\" \/><\/a><\/span><\/div><div class=\"fusion-clearfix\"><\/div><\/div><\/div><\/div><\/div><\/p>\n","protected":false},"excerpt":{"rendered":"","protected":false},"author":15,"featured_media":30617,"comment_status":"closed","ping_status":"closed","sticky":false,"template":"","format":"standard","meta":{"footnotes":""},"categories":[87],"tags":[],"class_list":["post-30624","post","type-post","status-publish","format-standard","has-post-thumbnail","hentry","category-extra-en"],"publishpress_future_action":{"enabled":false,"date":"2026-05-04 11:05:09","action":"change-status","newStatus":"draft","terms":[],"taxonomy":"category","extraData":[]},"publishpress_future_workflow_manual_trigger":{"enabledWorkflows":[]},"_links":{"self":[{"href":"https:\/\/autodesignmagazine.com\/en\/wp-json\/wp\/v2\/posts\/30624","targetHints":{"allow":["GET"]}}],"collection":[{"href":"https:\/\/autodesignmagazine.com\/en\/wp-json\/wp\/v2\/posts"}],"about":[{"href":"https:\/\/autodesignmagazine.com\/en\/wp-json\/wp\/v2\/types\/post"}],"author":[{"embeddable":true,"href":"https:\/\/autodesignmagazine.com\/en\/wp-json\/wp\/v2\/users\/15"}],"replies":[{"embeddable":true,"href":"https:\/\/autodesignmagazine.com\/en\/wp-json\/wp\/v2\/comments?post=30624"}],"version-history":[{"count":0,"href":"https:\/\/autodesignmagazine.com\/en\/wp-json\/wp\/v2\/posts\/30624\/revisions"}],"wp:featuredmedia":[{"embeddable":true,"href":"https:\/\/autodesignmagazine.com\/en\/wp-json\/wp\/v2\/media\/30617"}],"wp:attachment":[{"href":"https:\/\/autodesignmagazine.com\/en\/wp-json\/wp\/v2\/media?parent=30624"}],"wp:term":[{"taxonomy":"category","embeddable":true,"href":"https:\/\/autodesignmagazine.com\/en\/wp-json\/wp\/v2\/categories?post=30624"},{"taxonomy":"post_tag","embeddable":true,"href":"https:\/\/autodesignmagazine.com\/en\/wp-json\/wp\/v2\/tags?post=30624"}],"curies":[{"name":"wp","href":"https:\/\/api.w.org\/{rel}","templated":true}]}}