{"id":5556,"date":"2009-12-16T10:44:56","date_gmt":"2009-12-16T09:44:56","guid":{"rendered":"http:\/\/autodesignmagazine.com\/en\/2009\/10\/citroen-c3-rinnovamento-nella-continuita\/"},"modified":"2016-01-18T11:27:29","modified_gmt":"2016-01-18T10:27:29","slug":"citroen-c3-rinnovamento-nella-continuita","status":"publish","type":"post","link":"https:\/\/autodesignmagazine.com\/en\/2009\/12\/citroen-c3-rinnovamento-nella-continuita\/","title":{"rendered":"Citro\u00ebn C3, rinnovamento nella continuit\u00e0"},"content":{"rendered":"<p><div class=\"fusion-text fusion-text-1\"><p>Continuit\u00e0 e innovazione, due concetti che possono fare a pugni; in ogni caso, come ammette Mark Lloyd, si \u00e8 trattato di \u00abun esercizio molto difficile\u00bb. Sostituire una vettura di successo come la C3 \u2013 oltre due milioni di esemplari in sette anni \u2013 \u00e8 una sfida nella sfida: non solo, infatti, si affrontano le incognite del mercato, ma si gioca anche contro un avversario domestico.<\/p>\n<p>\u00abTutto sta a trovare un giusto equilibrio\u00bb, spiega Lloyd, da poco meno di un anno responsabile del design Citro\u00ebn: \u00abQuando si sostituisce una vettura di grande carattere e successo ci si interroga sempre sulla validit\u00e0 dell\u2019approccio scelto, ma in questo caso credo che abbiamo saputo dare le giuste risposte\u00bb. Lui e, prima di lui, Oleg Son, gi\u00e0 responsabile della precedente C3, poi di C2, C4 e C4 Picasso: \u00abIo sono arrivato che il pi\u00f9 del lavoro era gi\u00e0 stato fatto\u00bb, sorride in un eccesso di modestia: \u00abSono soltanto la babysitter\u00bb.<\/p>\n<p>\u00abUn autentico rinnovamento per la marca\u00bb, afferma Fr\u00e9d\u00e9ric Banzet, direttore centrale della casa francese. \u00c8 ferma l\u2019intenzione di fare della nuova C3, presentata al salone di Francoforte, la portabandiera europea del segmento B giocando su tre elementi: uno stile pi\u00f9 essenziale, finiture di alto livello, una struttura intelligente che offre un\u2019abitabilit\u00e0 eccezionale. Ci sono voluti quattro anni \u2013 dai primi bozzetti nell\u2019autunno 2005 \u2013 per farne una realt\u00e0, in un complesso esercizio di design.<\/p>\n<p><small><strong>L\u2019articolo continua su Auto &amp; Design n. 178<\/strong><\/small><\/p>\n<\/div>[images picture_size=&#8221;fixed&#8221; hover_type=&#8221;none&#8221; autoplay=&#8221;no&#8221; columns=&#8221;5&#8243; column_spacing=&#8221;13&#8243; scroll_items=&#8221;&#8221; show_nav=&#8221;yes&#8221; mouse_scroll=&#8221;no&#8221; border=&#8221;yes&#8221; lightbox=&#8221;yes&#8221; class=&#8221;&#8221; id=&#8221;&#8221;][image link=&#8221;&#8221; linktarget=&#8221;_self&#8221; image=&#8221;http:\/\/autodesignmagazine.com\/wp-content\/uploads\/2015\/10\/2110200901_Citroen_C3-300&#215;156.jpg&#8221; alt=&#8221;&#8221;][image link=&#8221;&#8221; linktarget=&#8221;_self&#8221; image=&#8221;http:\/\/autodesignmagazine.com\/wp-content\/uploads\/2015\/10\/2110200902_Citroen_C3-300&#215;156.jpg&#8221; alt=&#8221;&#8221;][image link=&#8221;&#8221; linktarget=&#8221;_self&#8221; image=&#8221;http:\/\/autodesignmagazine.com\/wp-content\/uploads\/2015\/10\/2110200903_Citroen_C3-300&#215;156.jpg&#8221; alt=&#8221;&#8221;][\/images]<\/p>\n","protected":false},"excerpt":{"rendered":"<p>[images picture_size=&#8221;fixed&#8221; hover_type=&#8221;none&#8221; autoplay=&#8221;no&#8221; columns=&#8221;5&#8243; column_spacing=&#8221;13&#8243; scroll_items=&#8221;&#8221; show_nav=&#8221;yes&#8221; mouse_scroll=&#8221;no&#8221; border=&#8221;yes&#8221; lightbox=&#8221;yes&#8221; class=&#8221;&#8221; id=&#8221;&#8221;][image link=&#8221;&#8221; linktarget=&#8221;_self&#8221; image=&#8221;http:\/\/autodesignmagazine.com\/wp-content\/uploads\/2015\/10\/2110200901_Citroen_C3-300&#215;156.jpg&#8221; alt=&#8221;&#8221;][image link=&#8221;&#8221; linktarget=&#8221;_self&#8221; image=&#8221;http:\/\/autodesignmagazine.com\/wp-content\/uploads\/2015\/10\/2110200902_Citroen_C3-300&#215;156.jpg&#8221; alt=&#8221;&#8221;][image link=&#8221;&#8221; linktarget=&#8221;_self&#8221; image=&#8221;http:\/\/autodesignmagazine.com\/wp-content\/uploads\/2015\/10\/2110200903_Citroen_C3-300&#215;156.jpg&#8221; alt=&#8221;&#8221;][\/images]<\/p>\n","protected":false},"author":8,"featured_media":0,"comment_status":"closed","ping_status":"open","sticky":false,"template":"","format":"standard","meta":{"footnotes":""},"categories":[39,43],"tags":[],"class_list":["post-5556","post","type-post","status-publish","format-standard","hentry","category-archive","category-design-story-en"],"publishpress_future_action":{"enabled":false,"date":"2026-05-10 10:27:34","action":"change-status","newStatus":"draft","terms":[],"taxonomy":"category","extraData":[]},"publishpress_future_workflow_manual_trigger":{"enabledWorkflows":[]},"_links":{"self":[{"href":"https:\/\/autodesignmagazine.com\/en\/wp-json\/wp\/v2\/posts\/5556","targetHints":{"allow":["GET"]}}],"collection":[{"href":"https:\/\/autodesignmagazine.com\/en\/wp-json\/wp\/v2\/posts"}],"about":[{"href":"https:\/\/autodesignmagazine.com\/en\/wp-json\/wp\/v2\/types\/post"}],"author":[{"embeddable":true,"href":"https:\/\/autodesignmagazine.com\/en\/wp-json\/wp\/v2\/users\/8"}],"replies":[{"embeddable":true,"href":"https:\/\/autodesignmagazine.com\/en\/wp-json\/wp\/v2\/comments?post=5556"}],"version-history":[{"count":0,"href":"https:\/\/autodesignmagazine.com\/en\/wp-json\/wp\/v2\/posts\/5556\/revisions"}],"wp:attachment":[{"href":"https:\/\/autodesignmagazine.com\/en\/wp-json\/wp\/v2\/media?parent=5556"}],"wp:term":[{"taxonomy":"category","embeddable":true,"href":"https:\/\/autodesignmagazine.com\/en\/wp-json\/wp\/v2\/categories?post=5556"},{"taxonomy":"post_tag","embeddable":true,"href":"https:\/\/autodesignmagazine.com\/en\/wp-json\/wp\/v2\/tags?post=5556"}],"curies":[{"name":"wp","href":"https:\/\/api.w.org\/{rel}","templated":true}]}}