{"id":5799,"date":"2010-06-16T18:21:54","date_gmt":"2010-06-16T16:21:54","guid":{"rendered":"http:\/\/autodesignmagazine.com\/en\/2010\/06\/ginevra-2010-ecologicamente-verde\/"},"modified":"2017-02-18T05:33:38","modified_gmt":"2017-02-18T04:33:38","slug":"ginevra-2010-ecologicamente-verde","status":"publish","type":"post","link":"https:\/\/autodesignmagazine.com\/en\/2010\/06\/ginevra-2010-ecologicamente-verde\/","title":{"rendered":"Ginevra 2010, ecologicamente verde"},"content":{"rendered":"<div class=\"fusion-fullwidth fullwidth-box fusion-builder-row-1 hundred-percent-fullwidth non-hundred-percent-height-scrolling\" style=\"--awb-border-radius-top-left:0px;--awb-border-radius-top-right:0px;--awb-border-radius-bottom-right:0px;--awb-border-radius-bottom-left:0px;--awb-overflow:visible;--awb-flex-wrap:wrap;\" ><div class=\"fusion-builder-row fusion-row\"><div class=\"fusion-layout-column fusion_builder_column fusion-builder-column-0 fusion_builder_column_1_1 1_1 fusion-one-full fusion-column-first fusion-column-last fusion-column-no-min-height\" style=\"--awb-bg-size:cover;--awb-margin-bottom:0px;\"><div class=\"fusion-column-wrapper fusion-flex-column-wrapper-legacy\"><div class=\"fusion-text fusion-text-1\"><p><a href=\"http:\/\/autodesignmagazine.com\/wp-content\/uploads\/2015\/12\/1606201001_Ginevra_2010.jpg\"><img decoding=\"async\" class=\"lazyload  wp-image-5797 alignleft\" src=\"http:\/\/autodesignmagazine.com\/wp-content\/uploads\/2015\/12\/1606201001_Ginevra_2010-212x300.jpg\" data-orig-src=\"http:\/\/autodesignmagazine.com\/wp-content\/uploads\/2015\/12\/1606201001_Ginevra_2010-212x300.jpg\" alt=\"1606201001_Ginevra_2010\" width=\"261\" height=\"369\" srcset=\"data:image\/svg+xml,%3Csvg%20xmlns%3D%27http%3A%2F%2Fwww.w3.org%2F2000%2Fsvg%27%20width%3D%27261%27%20height%3D%27369%27%20viewBox%3D%270%200%20261%20369%27%3E%3Crect%20width%3D%27261%27%20height%3D%27369%27%20fill-opacity%3D%220%22%2F%3E%3C%2Fsvg%3E\" data-srcset=\"https:\/\/autodesignmagazine.com\/wp-content\/uploads\/2015\/12\/1606201001_Ginevra_2010-120x170.jpg 120w, https:\/\/autodesignmagazine.com\/wp-content\/uploads\/2015\/12\/1606201001_Ginevra_2010-212x300.jpg 212w, https:\/\/autodesignmagazine.com\/wp-content\/uploads\/2015\/12\/1606201001_Ginevra_2010.jpg 254w\" data-sizes=\"auto\" data-orig-sizes=\"(max-width: 261px) 100vw, 261px\" \/><\/a><\/p>\n<p>Il clima di inizio primavera a Ginevra era clemente; al salone era presente un numero insolito di vetture e tutti si sono dichiarati ottimisti riguardo alle prospettive di ripresa economica. Considerando la triste realt\u00e0 dei recenti dati di vendita, tuttavia, questo ottimismo sostenuto con decisione ricordava molto un bambino spaventato che fischietta al buio per farsi coraggio mentre passa vicino a un cimitero buio.<\/p>\n<p>Il tema dell\u2019ottantesimo Motor Show di Ginevra era ovviamente l\u2019elettrificazione della trasmissione, sia sotto forma di vetture elettriche pure alimentate a batteria, basate sulla tradizione della Jamais Contente del 1899 di Camille Jenatzy (la prima automobile che ha superato i 100 km\/h), sia di ibridi a idrocarburi-elettrici come la L\u00f6hner-Porsche del 1900 di Ferdinand Porsche, il primo veicolo in assoluto di questo tipo.<\/p>\n<p>Nel 19esimo secolo, quando molti pionieri dell\u2019automobile erano di fatto ingegneri elettrici, la riduzione finale elettrica era importante, ma poi venne quasi dimenticata fino al 21esimo perch\u00e9 i motori a combustione interna alimentati a benzina presero il sopravvento per i successivi cento anni.<\/p>\n<p>Persino la Ferrari aveva in mostra un ibrido, la Hy-Kers, versione della 599 con sistema di recupero dell\u2019energia cinetica che l\u2019anno scorso aveva creato confusione e turbato la corsa di Formula Uno. Secondo la Ferrari riduce del 39% l\u2019inquinamento atmosferico, un progresso straordinario.<\/p>\n<p>Pur cos\u00ec sensazionale, tuttavia, questa soluzione era difficilmente all\u2019altezza del prototipo Porsche 918 Spyder, la pi\u00f9 grossa sorpresa del salone, per il quale la casa di Stoccarda ha dichiarato un consumo di soli 3 litri ogni 100 km per il motore termico nel ciclo europeo e una potenza totale di oltre 700 Cv comprendendo le batterie e i tre motori elettrici di cui \u00e8 dotato. La Porsche sostiene che sul Nurburgring la 918 \u00e8 pi\u00f9 veloce della Carrera GT V-10 uscita recentemente di produzione e sembra assolutamente realizzabile.<\/p>\n<p>Audi, Lotus, Lexus, Infiniti, BMW, Mercedes-Benz, Hyundai, Chevrolet&#8230; avevano tutte in mostra veicoli ibridi, alcuni dei quali gi\u00e0 acquistabili. Ci vorr\u00e0 una decina d\u2019anni per capire se terranno bene sul mercato dell\u2019usato, se le batterie di ricambio saranno molto costose e se l\u2019esperienza degli utenti rispetto a tutti questi cambiamenti sar\u00e0 positiva oppure no. Nel frattempo, tutti i costruttori automobilistici su larga scala dimostrano consapevolezza delle \u201ctre E\u201d: elettricit\u00e0, ecologia ed economicit\u00e0.<\/p>\n<p><small><strong>L\u2019articolo continua su Auto &amp; Design n. 182<\/strong><\/small><\/p>\n<\/div><div class=\"fusion-clearfix\"><\/div><\/div><\/div><\/div><\/div>\n","protected":false},"excerpt":{"rendered":"","protected":false},"author":6,"featured_media":0,"comment_status":"closed","ping_status":"open","sticky":false,"template":"","format":"standard","meta":{"footnotes":""},"categories":[39,87],"tags":[],"class_list":["post-5799","post","type-post","status-publish","format-standard","hentry","category-archive","category-extra-en"],"publishpress_future_action":{"enabled":false,"date":"2026-05-10 17:28:42","action":"change-status","newStatus":"draft","terms":[],"taxonomy":"category","extraData":[]},"publishpress_future_workflow_manual_trigger":{"enabledWorkflows":[]},"_links":{"self":[{"href":"https:\/\/autodesignmagazine.com\/en\/wp-json\/wp\/v2\/posts\/5799","targetHints":{"allow":["GET"]}}],"collection":[{"href":"https:\/\/autodesignmagazine.com\/en\/wp-json\/wp\/v2\/posts"}],"about":[{"href":"https:\/\/autodesignmagazine.com\/en\/wp-json\/wp\/v2\/types\/post"}],"author":[{"embeddable":true,"href":"https:\/\/autodesignmagazine.com\/en\/wp-json\/wp\/v2\/users\/6"}],"replies":[{"embeddable":true,"href":"https:\/\/autodesignmagazine.com\/en\/wp-json\/wp\/v2\/comments?post=5799"}],"version-history":[{"count":0,"href":"https:\/\/autodesignmagazine.com\/en\/wp-json\/wp\/v2\/posts\/5799\/revisions"}],"wp:attachment":[{"href":"https:\/\/autodesignmagazine.com\/en\/wp-json\/wp\/v2\/media?parent=5799"}],"wp:term":[{"taxonomy":"category","embeddable":true,"href":"https:\/\/autodesignmagazine.com\/en\/wp-json\/wp\/v2\/categories?post=5799"},{"taxonomy":"post_tag","embeddable":true,"href":"https:\/\/autodesignmagazine.com\/en\/wp-json\/wp\/v2\/tags?post=5799"}],"curies":[{"name":"wp","href":"https:\/\/api.w.org\/{rel}","templated":true}]}}