{"id":8054,"date":"2015-03-15T12:12:41","date_gmt":"2015-03-15T11:12:41","guid":{"rendered":"http:\/\/autodesignmagazine.com\/en\/2015\/03\/ford-gt-estetica-della-leggerezza\/"},"modified":"2017-02-21T09:04:05","modified_gmt":"2017-02-21T08:04:05","slug":"ford-gt-estetica-della-leggerezza","status":"publish","type":"post","link":"https:\/\/autodesignmagazine.com\/en\/2015\/03\/ford-gt-estetica-della-leggerezza\/","title":{"rendered":"FORD GT, ESTETICA DELLA LEGGEREZZA"},"content":{"rendered":"<div class=\"fusion-fullwidth fullwidth-box fusion-builder-row-1 hundred-percent-fullwidth non-hundred-percent-height-scrolling\" style=\"--awb-border-radius-top-left:0px;--awb-border-radius-top-right:0px;--awb-border-radius-bottom-right:0px;--awb-border-radius-bottom-left:0px;--awb-overflow:visible;--awb-flex-wrap:wrap;\" ><div class=\"fusion-builder-row fusion-row\"><div class=\"fusion-layout-column fusion_builder_column fusion-builder-column-0 fusion_builder_column_1_1 1_1 fusion-one-full fusion-column-first fusion-column-last\" style=\"--awb-bg-size:cover;\"><div class=\"fusion-column-wrapper fusion-flex-column-wrapper-legacy\"><div class=\"fusion-text fusion-text-1\"><p>La Ford GT \u00e8 stata, a buon diritto, l&#8217;innegabile stella del NAIAS 2015, dove \u00e8 stata infatti svelata quella che, da mera supposizione, si \u00e8 trasformata in fiorente realt\u00e0 come terza generazione della GT40, la prima vettura con cui la Ford aveva vinto la leggendaria 24 Ore di LeMans nel 1966.<\/p>\n<p>Il design \u00e8 il prodotto di un team molto ristretto: in totale, solo sei designer hanno lavorato alla vettura. L&#8217;operazione, iniziata nella massima segretezza nel novembre 2013, si \u00e8 svolta nel piano interrato dello studio di design Ford di Dearborn.<\/p>\n<p>L&#8217;obiettivo? \u00ab[La GT] doveva realmente rappresentare la direzione del marchio e l&#8217;innovazione, guardare al futuro e trasmettere una sensazione di leggerezza ed efficienza\u00bb, ha spiegato Todd Willing, al tempo capo del design esterno Ford per le Americhe.<\/p>\n<\/div><div class=\"fusion-clearfix\"><\/div><\/div><\/div><div class=\"fusion-layout-column fusion_builder_column fusion-builder-column-1 fusion_builder_column_1_1 1_1 fusion-one-full fusion-column-first fusion-column-last\" style=\"--awb-bg-size:cover;\"><div class=\"fusion-column-wrapper fusion-flex-column-wrapper-legacy\"><div class=\"fusion-image-element in-legacy-container\" style=\"--awb-caption-title-font-family:var(--h2_typography-font-family);--awb-caption-title-font-weight:var(--h2_typography-font-weight);--awb-caption-title-font-style:var(--h2_typography-font-style);--awb-caption-title-size:var(--h2_typography-font-size);--awb-caption-title-transform:var(--h2_typography-text-transform);--awb-caption-title-line-height:var(--h2_typography-line-height);--awb-caption-title-letter-spacing:var(--h2_typography-letter-spacing);\"><span class=\" fusion-imageframe imageframe-none imageframe-1 hover-type-none\"><img decoding=\"async\" src=\"data:image\/gif;base64,R0lGODlhAQABAAAAACH5BAEKAAEALAAAAAABAAEAAAICTAEAOw==\" data-orig-src=\"http:\/\/autodesignmagazine.com\/wp-content\/uploads\/2016\/01\/2015031502_Ford_GT.jpg\" alt class=\"lazyload img-responsive\"\/><\/span><\/div><div class=\"fusion-clearfix\"><\/div><\/div><\/div><div class=\"fusion-layout-column fusion_builder_column fusion-builder-column-2 fusion_builder_column_1_1 1_1 fusion-one-full fusion-column-first fusion-column-last\" style=\"--awb-bg-size:cover;\"><div class=\"fusion-column-wrapper fusion-flex-column-wrapper-legacy\"><div class=\"fusion-text fusion-text-2\"><p>Ogni aspetto del design &#8211; le &#8220;narici&#8221; del cofano, la fusoliera rastremata, le pinne aerodinamiche dietro i montanti C e persino il design dei fanali posteriori &#8211; \u00e8 orientato alla performance. Tutti i componenti hanno una funzione intrinseca, ma sono anche bellissimi.<\/p>\n<p>\u00abAbbiamo esaltato tutti gli elementi funzionali di questa vettura\u00bb, ha aggiunto il responsabile del design esterno Garen Nicoghosian, \u00abche si \u00e8 ristretta all&#8217;essenziale. \u00c8 davvero costruita per uno scopo e rende omaggio alla sua storia passata\u00bb.<\/p>\n<p>Il design non \u00e8 solo una delizia per gli occhi: tutti i componenti sono indispensabili per la funzionalit\u00e0 e se alcuni richiamano inequivocabilmente alla memoria l&#8217;originale del 1966, l&#8217;insieme \u00e8 incredibilmente moderno e basato sull&#8217;aerodinamica. Le forme della GT non potevano essere create altrimenti che adottando la tecnologia dei materiali compositi.<\/p>\n<p>\u00abAbbiamo avuto molta pi\u00f9 libert\u00e0 di quella che ci \u00e8 normalmente consentita quando andiamo in produzione\u00bb, ha proseguito Willing. \u00abTutti questi elementi visivi da sogno sono resi possibili dal fatto che per il design abbiamo usato materiali compositi all&#8217;avanguardia\u00bb.<\/p>\n<p>I pannelli di carrozzeria in fibra di carbonio della GT assicurano anche efficienza e leggerezza, tuttavia \u00e8 la configurazione con motore centrale che ha realmente consentito ai progettisti di creare il design &#8220;termoretratto&#8221;.<\/p>\n<\/div><div class=\"fusion-clearfix\"><\/div><\/div><\/div><div class=\"fusion-layout-column fusion_builder_column fusion-builder-column-3 fusion_builder_column_1_1 1_1 fusion-one-full fusion-column-first fusion-column-last\" style=\"--awb-bg-size:cover;\"><div class=\"fusion-column-wrapper fusion-flex-column-wrapper-legacy\"><div class=\"fusion-image-element in-legacy-container\" style=\"--awb-caption-title-font-family:var(--h2_typography-font-family);--awb-caption-title-font-weight:var(--h2_typography-font-weight);--awb-caption-title-font-style:var(--h2_typography-font-style);--awb-caption-title-size:var(--h2_typography-font-size);--awb-caption-title-transform:var(--h2_typography-text-transform);--awb-caption-title-line-height:var(--h2_typography-line-height);--awb-caption-title-letter-spacing:var(--h2_typography-letter-spacing);\"><span class=\" fusion-imageframe imageframe-none imageframe-2 hover-type-none\"><img decoding=\"async\" src=\"data:image\/gif;base64,R0lGODlhAQABAAAAACH5BAEKAAEALAAAAAABAAEAAAICTAEAOw==\" data-orig-src=\"http:\/\/autodesignmagazine.com\/wp-content\/uploads\/2016\/01\/2015031504_Ford_GT.jpg\" alt class=\"lazyload img-responsive\"\/><\/span><\/div><div class=\"fusion-clearfix\"><\/div><\/div><\/div><div class=\"fusion-layout-column fusion_builder_column fusion-builder-column-4 fusion_builder_column_1_1 1_1 fusion-one-full fusion-column-first fusion-column-last\" style=\"--awb-bg-size:cover;\"><div class=\"fusion-column-wrapper fusion-flex-column-wrapper-legacy\"><div class=\"fusion-text fusion-text-3\"><p>\u00abIl layout del motore determina effettivamente le dimensioni, la presenza su strada, l&#8217;altezza e le proporzioni\u00bb, ha affermato Craig Metros, che lo scorso giugno ha sostituito Willing nel ruolo di capo del design esterno per le Americhe.<\/p>\n<p>Gli interni hanno forse rappresentato l&#8217;aspetto pi\u00f9 impegnativo del design. Ogni elemento doveva essere considerato attentamente per assicurare la massima sicurezza e leggerezza e tutti sono stati integrati nella scocca in fibra di carbonio, mentre le frivolezze non essenziali sono state eliminate.<\/p>\n<p>Con la forma dell&#8217;abitacolo dettata dalla struttura in fibra di carbonio, il team di design ha dovuto essere particolarmente creativo: ha troncato il pannello strumenti e riposizionato le uscite d\u2019aria sulle porte, il che facilita anche l&#8217;ingresso e l&#8217;uscita.<\/p>\n<p>\u00abQuando le affascinanti porte si chiudono, le uscite d\u2019aria bloccano la plancia [in posizione]\u00bb, ha precisato con entusiasmo il capo globale del design degli interni Amko Leenarts. \u00abSembra quasi una funzione di sicurezza: chiude l&#8217;intero abitacolo in un unico flusso\u00bb.<\/p>\n<p>I sedili sono anch&#8217;essi fissi, un particolare gi\u00e0 visto sulla showcar Peugeot Onyx supervisionata dallo stesso Leenarts, mentre i pedali e il volante sono regolabili.<\/p>\n<\/div><div class=\"fusion-clearfix\"><\/div><\/div><\/div><div class=\"fusion-layout-column fusion_builder_column fusion-builder-column-5 fusion_builder_column_1_1 1_1 fusion-one-full fusion-column-first fusion-column-last\" style=\"--awb-bg-size:cover;\"><div class=\"fusion-column-wrapper fusion-flex-column-wrapper-legacy\"><div class=\"fusion-image-element in-legacy-container\" style=\"--awb-caption-title-font-family:var(--h2_typography-font-family);--awb-caption-title-font-weight:var(--h2_typography-font-weight);--awb-caption-title-font-style:var(--h2_typography-font-style);--awb-caption-title-size:var(--h2_typography-font-size);--awb-caption-title-transform:var(--h2_typography-text-transform);--awb-caption-title-line-height:var(--h2_typography-line-height);--awb-caption-title-letter-spacing:var(--h2_typography-letter-spacing);\"><span class=\" fusion-imageframe imageframe-none imageframe-3 hover-type-none\"><img decoding=\"async\" src=\"data:image\/gif;base64,R0lGODlhAQABAAAAACH5BAEKAAEALAAAAAABAAEAAAICTAEAOw==\" data-orig-src=\"http:\/\/autodesignmagazine.com\/wp-content\/uploads\/2016\/01\/2015031503_Ford_GT.jpg\" alt class=\"lazyload img-responsive\"\/><\/span><\/div><div class=\"fusion-clearfix\"><\/div><\/div><\/div><div class=\"fusion-layout-column fusion_builder_column fusion-builder-column-6 fusion_builder_column_1_1 1_1 fusion-one-full fusion-column-first fusion-column-last\" style=\"--awb-bg-size:cover;\"><div class=\"fusion-column-wrapper fusion-flex-column-wrapper-legacy\"><div class=\"fusion-text fusion-text-4\"><p>\u00abQuando si indossa la cintura di sicurezza, tutti i comandi devono essere raggiungibili\u00bb, ha osservato il responsabile del design Bill Mangan, \u00abma ci\u00f2 ha determinato anche una nuova estetica. In termini architettonici abbiamo collocato gli elementi dove prima non c&#8217;erano e tutti i comandi sono stati spostati sul lato frontale del volante\u00bb.<\/p>\n<p>I designer hanno potuto giocare anche con i colori e i materiali.<\/p>\n<p>\u00abSe si osservano gli elementi in pelle bianca [del pannello strumenti], quelli in realt\u00e0 sono gli airbag\u00bb, ha chiarito Leenarts. \u00abSono un richiamo alla purezza delle performance\u00bb.<\/p>\n<p>Le palette del cambio al volante sono in alluminio lavorato anodizzato in berillio, il pi\u00f9 leggero dei metalli alcalino-terrosi comunemente usati per le vetture da competizione. \u00abSi coglie il messaggio sportivo\u00bb, ha puntualizzato Mangan. \u00abAbbiamo lavorato tutte le superfici per ridurre il peso e aumentare il controllo\u00bb.<\/p>\n<p>Cosa significa dunque la GT per il futuro della linea di prodotti Ford?<\/p>\n<p>\u00abOra stiamo lavorando a questo veicolo ed esercitando la nostra influenza per quanto ci \u00e8 possibile\u00bb, ha concluso Nicoghosian. \u00abSiamo impegnati ad assicurare una linea di prodotti simmetrica e sinergica, nel rispetto per\u00f2 di quanto abbiamo creato qui\u00bb.<\/p>\n<p><strong>L\u2019articolo continua su Auto&amp;Design n. 211<\/strong><\/p>\n<\/div><div class=\"fusion-clearfix\"><\/div><\/div><\/div><\/div><\/div>\n","protected":false},"excerpt":{"rendered":"","protected":false},"author":7,"featured_media":8016,"comment_status":"closed","ping_status":"open","sticky":false,"template":"","format":"standard","meta":{"footnotes":""},"categories":[39,43],"tags":[],"class_list":["post-8054","post","type-post","status-publish","format-standard","has-post-thumbnail","hentry","category-archive","category-design-story-en"],"publishpress_future_action":{"enabled":false,"date":"2026-05-09 08:37:29","action":"change-status","newStatus":"draft","terms":[],"taxonomy":"category","extraData":[]},"publishpress_future_workflow_manual_trigger":{"enabledWorkflows":[]},"_links":{"self":[{"href":"https:\/\/autodesignmagazine.com\/en\/wp-json\/wp\/v2\/posts\/8054","targetHints":{"allow":["GET"]}}],"collection":[{"href":"https:\/\/autodesignmagazine.com\/en\/wp-json\/wp\/v2\/posts"}],"about":[{"href":"https:\/\/autodesignmagazine.com\/en\/wp-json\/wp\/v2\/types\/post"}],"author":[{"embeddable":true,"href":"https:\/\/autodesignmagazine.com\/en\/wp-json\/wp\/v2\/users\/7"}],"replies":[{"embeddable":true,"href":"https:\/\/autodesignmagazine.com\/en\/wp-json\/wp\/v2\/comments?post=8054"}],"version-history":[{"count":0,"href":"https:\/\/autodesignmagazine.com\/en\/wp-json\/wp\/v2\/posts\/8054\/revisions"}],"wp:featuredmedia":[{"embeddable":true,"href":"https:\/\/autodesignmagazine.com\/en\/wp-json\/wp\/v2\/media\/8016"}],"wp:attachment":[{"href":"https:\/\/autodesignmagazine.com\/en\/wp-json\/wp\/v2\/media?parent=8054"}],"wp:term":[{"taxonomy":"category","embeddable":true,"href":"https:\/\/autodesignmagazine.com\/en\/wp-json\/wp\/v2\/categories?post=8054"},{"taxonomy":"post_tag","embeddable":true,"href":"https:\/\/autodesignmagazine.com\/en\/wp-json\/wp\/v2\/tags?post=8054"}],"curies":[{"name":"wp","href":"https:\/\/api.w.org\/{rel}","templated":true}]}}