{"id":8696,"date":"2013-09-10T17:04:32","date_gmt":"2013-09-10T15:04:32","guid":{"rendered":"http:\/\/autodesignmagazine.com\/en\/2013\/09\/mazda3-senso-di-accelerazione\/"},"modified":"2017-02-21T09:04:58","modified_gmt":"2017-02-21T08:04:58","slug":"mazda3-senso-di-accelerazione","status":"publish","type":"post","link":"https:\/\/autodesignmagazine.com\/en\/2013\/09\/mazda3-senso-di-accelerazione\/","title":{"rendered":"MAZDA3, SENSO DI ACCELERAZIONE"},"content":{"rendered":"<div class=\"fusion-fullwidth fullwidth-box fusion-builder-row-1 hundred-percent-fullwidth non-hundred-percent-height-scrolling\" style=\"--awb-border-radius-top-left:0px;--awb-border-radius-top-right:0px;--awb-border-radius-bottom-right:0px;--awb-border-radius-bottom-left:0px;--awb-overflow:visible;--awb-flex-wrap:wrap;\" ><div class=\"fusion-builder-row fusion-row\"><div class=\"fusion-layout-column fusion_builder_column fusion-builder-column-0 fusion_builder_column_1_1 1_1 fusion-one-full fusion-column-first fusion-column-last\" style=\"--awb-bg-size:cover;\"><div class=\"fusion-column-wrapper fusion-flex-column-wrapper-legacy\"><div class=\"fusion-text fusion-text-1\"><p>Pi\u00f9 larga e pi\u00f9 bassa rispetto al modello precedente, con un passo pi\u00f9 lungo e gli sbalzi ridotti, l\u2019abitacolo spostato all\u2019indietro, la nuova Mazda3 trasferisce anche alle vetture di piccola stazza quella filosofia di design \u2013 Kodo, ovvero l\u2019essenza di movimento ispirata alla bellezza e alla forza della natura \u2013 che la casa giapponese aveva gi\u00e0 sperimentato con successo su vetture pi\u00f9 grandi, come Mazda6 e CX-5. \u00abIl nostro intento \u2013 spiega Koji Tabata \u2013 era di dare vita a un concetto di design che esprimesse l\u2019\u201danima del movimento\u201d, caratteristico anche della filosofia di design Kodo.<\/p>\n<\/div><div class=\"fusion-clearfix\"><\/div><\/div><\/div><div class=\"fusion-layout-column fusion_builder_column fusion-builder-column-1 fusion_builder_column_1_1 1_1 fusion-one-full fusion-column-first fusion-column-last\" style=\"--awb-bg-size:cover;\"><div class=\"fusion-column-wrapper fusion-flex-column-wrapper-legacy\"><div class=\"fusion-image-element in-legacy-container\" style=\"--awb-caption-title-font-family:var(--h2_typography-font-family);--awb-caption-title-font-weight:var(--h2_typography-font-weight);--awb-caption-title-font-style:var(--h2_typography-font-style);--awb-caption-title-size:var(--h2_typography-font-size);--awb-caption-title-transform:var(--h2_typography-text-transform);--awb-caption-title-line-height:var(--h2_typography-line-height);--awb-caption-title-letter-spacing:var(--h2_typography-letter-spacing);\"><span class=\" fusion-imageframe imageframe-none imageframe-1 hover-type-none\"><img decoding=\"async\" src=\"data:image\/gif;base64,R0lGODlhAQABAAAAACH5BAEKAAEALAAAAAABAAEAAAICTAEAOw==\" data-orig-src=\"http:\/\/autodesignmagazine.com\/wp-content\/uploads\/2016\/01\/2013091002_Mazda_3.jpg\" alt class=\"lazyload img-responsive\"\/><\/span><\/div><div class=\"fusion-clearfix\"><\/div><\/div><\/div><div class=\"fusion-layout-column fusion_builder_column fusion-builder-column-2 fusion_builder_column_1_1 1_1 fusion-one-full fusion-column-first fusion-column-last\" style=\"--awb-bg-size:cover;\"><div class=\"fusion-column-wrapper fusion-flex-column-wrapper-legacy\"><div class=\"fusion-text fusion-text-2\"><p>Tabata \u00e8 il chief designer responsabile di questa nuova Mazda, i cui primi vagiti risalgono al 2010 con una fase iniziale che vide coinvolti quattro studi di design: Hiroshima, in funzione centrale, affiancato da Europa, Nord America e Yokohama. Il cammino si sarebbe poi concluso a Hiroshima, con una serie di modelli in scala e alcuni a grandezza naturale (prodotti anche nello studio nordamericano), con la collaborazione di Tsuchida Yasutake (Hiroshima) per gli esterni, di Julien Montousse venuto dall\u2019America che ha sviluppato il tema degli interni, di Ogawa Masato che ha poi seguito gli interni fino alla produzione, e di Teraoka Shiyunsuke (Hiroshima) per color&amp;trim.<\/p>\n<p>La svolta decisiva, ricorda Tabata, risale all\u2019inizio del 2011: \u00abIn quel bozzetto era espresso il movimento che racchiudeva l\u2019accelerating sense, il senso di accelerazione, un concetto che attraverso un\u2019attivit\u00e0 da modellazione scultorea siamo riusciti a trasformare in una forma finita\u00bb.<\/p>\n<\/div><div class=\"fusion-clearfix\"><\/div><\/div><\/div><div class=\"fusion-layout-column fusion_builder_column fusion-builder-column-3 fusion_builder_column_1_1 1_1 fusion-one-full fusion-column-first fusion-column-last\" style=\"--awb-bg-size:cover;\"><div class=\"fusion-column-wrapper fusion-flex-column-wrapper-legacy\"><div class=\"fusion-image-element in-legacy-container\" style=\"--awb-caption-title-font-family:var(--h2_typography-font-family);--awb-caption-title-font-weight:var(--h2_typography-font-weight);--awb-caption-title-font-style:var(--h2_typography-font-style);--awb-caption-title-size:var(--h2_typography-font-size);--awb-caption-title-transform:var(--h2_typography-text-transform);--awb-caption-title-line-height:var(--h2_typography-line-height);--awb-caption-title-letter-spacing:var(--h2_typography-letter-spacing);\"><span class=\" fusion-imageframe imageframe-none imageframe-2 hover-type-none\"><img decoding=\"async\" src=\"data:image\/gif;base64,R0lGODlhAQABAAAAACH5BAEKAAEALAAAAAABAAEAAAICTAEAOw==\" data-orig-src=\"http:\/\/autodesignmagazine.com\/wp-content\/uploads\/2016\/01\/2013091003_Mazda_3.jpg\" alt class=\"lazyload img-responsive\"\/><\/span><\/div><div class=\"fusion-clearfix\"><\/div><\/div><\/div><div class=\"fusion-layout-column fusion_builder_column fusion-builder-column-4 fusion_builder_column_1_1 1_1 fusion-one-full fusion-column-first fusion-column-last\" style=\"--awb-bg-size:cover;\"><div class=\"fusion-column-wrapper fusion-flex-column-wrapper-legacy\"><div class=\"fusion-text fusion-text-3\"><p>\u00abApplicato a Mazda3, il design Kodo simboleggia l\u2019enfasi di un design che infiamma il cuore al primo sguardo, preannunciando una nuova e imminente eccitante esperienza\u00bb.<\/p>\n<p>A loro volta gli interni, curati in base a esigenze di ergonomia e comfort, sono dettati da un nuovo criterio che la casa giapponese sembra destinata ad adottare anche per altri modelli: la divisione dell\u2019abitacolo in due zone collegate dalla consolle centrale asimmetrica, la prima formata da un posto di guida racchiuso in modo da sembrare autonomo grazie alla posizione funzionale dei comandi, la seconda \u2013 per il passeggero \u2013 immersa invece in un\u2019atmosfera aperta e spaziosa.<\/p>\n<p><strong>Articolo completo su Auto &amp; Design n. 202<\/strong><\/p>\n<\/div><div class=\"fusion-clearfix\"><\/div><\/div><\/div><\/div><\/div>\n","protected":false},"excerpt":{"rendered":"","protected":false},"author":8,"featured_media":8681,"comment_status":"closed","ping_status":"open","sticky":false,"template":"","format":"standard","meta":{"footnotes":""},"categories":[39,87],"tags":[],"class_list":["post-8696","post","type-post","status-publish","format-standard","has-post-thumbnail","hentry","category-archive","category-extra-en"],"publishpress_future_action":{"enabled":false,"date":"2026-05-09 11:05:38","action":"change-status","newStatus":"draft","terms":[],"taxonomy":"category","extraData":[]},"publishpress_future_workflow_manual_trigger":{"enabledWorkflows":[]},"_links":{"self":[{"href":"https:\/\/autodesignmagazine.com\/en\/wp-json\/wp\/v2\/posts\/8696","targetHints":{"allow":["GET"]}}],"collection":[{"href":"https:\/\/autodesignmagazine.com\/en\/wp-json\/wp\/v2\/posts"}],"about":[{"href":"https:\/\/autodesignmagazine.com\/en\/wp-json\/wp\/v2\/types\/post"}],"author":[{"embeddable":true,"href":"https:\/\/autodesignmagazine.com\/en\/wp-json\/wp\/v2\/users\/8"}],"replies":[{"embeddable":true,"href":"https:\/\/autodesignmagazine.com\/en\/wp-json\/wp\/v2\/comments?post=8696"}],"version-history":[{"count":0,"href":"https:\/\/autodesignmagazine.com\/en\/wp-json\/wp\/v2\/posts\/8696\/revisions"}],"wp:featuredmedia":[{"embeddable":true,"href":"https:\/\/autodesignmagazine.com\/en\/wp-json\/wp\/v2\/media\/8681"}],"wp:attachment":[{"href":"https:\/\/autodesignmagazine.com\/en\/wp-json\/wp\/v2\/media?parent=8696"}],"wp:term":[{"taxonomy":"category","embeddable":true,"href":"https:\/\/autodesignmagazine.com\/en\/wp-json\/wp\/v2\/categories?post=8696"},{"taxonomy":"post_tag","embeddable":true,"href":"https:\/\/autodesignmagazine.com\/en\/wp-json\/wp\/v2\/tags?post=8696"}],"curies":[{"name":"wp","href":"https:\/\/api.w.org\/{rel}","templated":true}]}}