{"id":9283,"date":"2011-09-04T14:34:32","date_gmt":"2011-09-04T12:34:32","guid":{"rendered":"http:\/\/autodesignmagazine.com\/en\/2011\/09\/bmw-i3-e-i8-due-modelli-venuti-dal-futuro\/"},"modified":"2017-02-21T09:06:06","modified_gmt":"2017-02-21T08:06:06","slug":"bmw-i3-e-i8-due-modelli-venuti-dal-futuro","status":"publish","type":"post","link":"https:\/\/autodesignmagazine.com\/en\/2011\/09\/bmw-i3-e-i8-due-modelli-venuti-dal-futuro\/","title":{"rendered":"BMW i3 E i8, DUE MODELLI VENUTI DAL FUTURO"},"content":{"rendered":"<div class=\"fusion-fullwidth fullwidth-box fusion-builder-row-1 hundred-percent-fullwidth non-hundred-percent-height-scrolling\" style=\"--awb-border-radius-top-left:0px;--awb-border-radius-top-right:0px;--awb-border-radius-bottom-right:0px;--awb-border-radius-bottom-left:0px;--awb-overflow:visible;--awb-flex-wrap:wrap;\" ><div class=\"fusion-builder-row fusion-row\"><div class=\"fusion-layout-column fusion_builder_column fusion-builder-column-0 fusion_builder_column_1_1 1_1 fusion-one-full fusion-column-first fusion-column-last\" style=\"--awb-bg-size:cover;\"><div class=\"fusion-column-wrapper fusion-flex-column-wrapper-legacy\"><div class=\"fusion-text fusion-text-1\"><p>\u00abQuesto \u00e8 un nuovo capitolo nella storia della BMW. E\u2019 il capitolo della mobilit\u00e0 sostenibile: per questo era necessario anche un nuovo linguaggio formale\u00bb.\u2028Adrian van Hooydonk sfoglia con evidente orgoglio i bozzetti della i3 e della i8, i due concept che la casa di Monaco presenta al salone di Francoforte per offrire il gusto di quelle che saranno, fra due anni, la i3 e la i8 di serie, le prime due vetture della nuova specie BMW \u2013 BMW i, appunto \u2013 destinata a declinare elettrico e ibrido in un mercato che sembra non desiderare altro. Van Hooydonk \u00e8 il responsabile per il design del Gruppo BMW: a lui fa capo Beno\u00eet Jacob, che della BMW i \u00e8 capo del design, in un\u2019autonomia dal filone principale del design BMW (\u00abMa collaborazione c\u2019\u00e8\u00bb, precisa Van Hooydonk: \u00abNon si possono impedire i contatti fra i designer BMW e quelli di BMW i\u00bb) che trova espressione concreta nel fatto che Jacob e i suoi uomini lavorano in un edificio separato da quello che ospita il centro di design.<\/p>\n<\/div><div class=\"fusion-clearfix\"><\/div><\/div><\/div><div class=\"fusion-layout-column fusion_builder_column fusion-builder-column-1 fusion_builder_column_1_1 1_1 fusion-one-full fusion-column-first fusion-column-last\" style=\"--awb-bg-size:cover;\"><div class=\"fusion-column-wrapper fusion-flex-column-wrapper-legacy\"><div class=\"fusion-image-element in-legacy-container\" style=\"--awb-caption-title-font-family:var(--h2_typography-font-family);--awb-caption-title-font-weight:var(--h2_typography-font-weight);--awb-caption-title-font-style:var(--h2_typography-font-style);--awb-caption-title-size:var(--h2_typography-font-size);--awb-caption-title-transform:var(--h2_typography-text-transform);--awb-caption-title-line-height:var(--h2_typography-line-height);--awb-caption-title-letter-spacing:var(--h2_typography-letter-spacing);\"><span class=\" fusion-imageframe imageframe-none imageframe-1 hover-type-none\"><img decoding=\"async\" src=\"data:image\/gif;base64,R0lGODlhAQABAAAAACH5BAEKAAEALAAAAAABAAEAAAICTAEAOw==\" data-orig-src=\"http:\/\/autodesignmagazine.com\/wp-content\/uploads\/2016\/01\/2011090402_Bmw_I.jpg\" alt class=\"lazyload img-responsive\"\/><\/span><\/div><div class=\"fusion-clearfix\"><\/div><\/div><\/div><div class=\"fusion-layout-column fusion_builder_column fusion-builder-column-2 fusion_builder_column_1_1 1_1 fusion-one-full fusion-column-first fusion-column-last\" style=\"--awb-bg-size:cover;\"><div class=\"fusion-column-wrapper fusion-flex-column-wrapper-legacy\"><div class=\"fusion-text fusion-text-2\"><p>Da febbraio, con la nascita formale di BMW i, la casa di Monaco non fa segreto delle sue intenzioni nel ramo tutto da esplorare della mobilit\u00e0 sostenibile. La i3 \u00e8 vettura da citt\u00e0 interamente elettrica, il \u201cProject i\u201d gi\u00e0 noto come Megacity. La sportiva i8, a sua volta erede del concept Vision EfficientDynamics presentato due anni fa a Francoforte, per necessit\u00e0 di autonomia \u00e8 invece ibrida.<\/p>\n<\/div><div class=\"fusion-clearfix\"><\/div><\/div><\/div><div class=\"fusion-layout-column fusion_builder_column fusion-builder-column-3 fusion_builder_column_1_1 1_1 fusion-one-full fusion-column-first fusion-column-last\" style=\"--awb-bg-size:cover;\"><div class=\"fusion-column-wrapper fusion-flex-column-wrapper-legacy\"><div class=\"fusion-image-element in-legacy-container\" style=\"--awb-caption-title-font-family:var(--h2_typography-font-family);--awb-caption-title-font-weight:var(--h2_typography-font-weight);--awb-caption-title-font-style:var(--h2_typography-font-style);--awb-caption-title-size:var(--h2_typography-font-size);--awb-caption-title-transform:var(--h2_typography-text-transform);--awb-caption-title-line-height:var(--h2_typography-line-height);--awb-caption-title-letter-spacing:var(--h2_typography-letter-spacing);\"><span class=\" fusion-imageframe imageframe-none imageframe-2 hover-type-none\"><img decoding=\"async\" src=\"data:image\/gif;base64,R0lGODlhAQABAAAAACH5BAEKAAEALAAAAAABAAEAAAICTAEAOw==\" data-orig-src=\"http:\/\/autodesignmagazine.com\/wp-content\/uploads\/2016\/01\/2011090404_Bmw_I.jpg\" alt class=\"lazyload img-responsive\"\/><\/span><\/div><div class=\"fusion-clearfix\"><\/div><\/div><\/div><div class=\"fusion-layout-column fusion_builder_column fusion-builder-column-4 fusion_builder_column_1_1 1_1 fusion-one-full fusion-column-first fusion-column-last\" style=\"--awb-bg-size:cover;\"><div class=\"fusion-column-wrapper fusion-flex-column-wrapper-legacy\"><div class=\"fusion-text fusion-text-3\"><p>Ma due cose i3 e i8 hanno in comune: da una parte le nuove rivoluzionarie tecniche costruttive, basate sul concetto LifeDrive, dove il modulo Drive \u00e8 una piattaforma d\u2019alluminio che rappresenta la base solida della vettura e unisce batterie, powertrain, elementi di protezione dalle collisioni, mentre il modulo Life \u00e8 la cellula dell\u2019abitacolo, estremamente leggera e molto resistente, realizzata in CRFP, una plastica rinforzata da fibra di carbonio la quale pi\u00f9 che dimezza i pesi rispetto all\u2019acciaio; dall\u2019altra il \u201cnuovo linguaggio formale\u201d a cui accenna Van Hooydonk e che del LifeDrive \u00e8, almeno in parte, diretta conseguenza.<\/p>\n<p><strong>L\u2019articolo continua su Auto &amp; Design n. 190<\/strong><\/p>\n<\/div><div class=\"fusion-clearfix\"><\/div><\/div><\/div><div class=\"fusion-layout-column fusion_builder_column fusion-builder-column-5 fusion_builder_column_1_1 1_1 fusion-one-full fusion-column-first fusion-column-last\" style=\"--awb-bg-size:cover;\"><div class=\"fusion-column-wrapper fusion-flex-column-wrapper-legacy\"><div class=\"fusion-image-element in-legacy-container\" style=\"--awb-caption-title-font-family:var(--h2_typography-font-family);--awb-caption-title-font-weight:var(--h2_typography-font-weight);--awb-caption-title-font-style:var(--h2_typography-font-style);--awb-caption-title-size:var(--h2_typography-font-size);--awb-caption-title-transform:var(--h2_typography-text-transform);--awb-caption-title-line-height:var(--h2_typography-line-height);--awb-caption-title-letter-spacing:var(--h2_typography-letter-spacing);\"><span class=\" fusion-imageframe imageframe-none imageframe-3 hover-type-none\"><img decoding=\"async\" src=\"data:image\/gif;base64,R0lGODlhAQABAAAAACH5BAEKAAEALAAAAAABAAEAAAICTAEAOw==\" data-orig-src=\"http:\/\/autodesignmagazine.com\/wp-content\/uploads\/2016\/01\/2011090403_Bmw_I.jpg\" alt class=\"lazyload img-responsive\"\/><\/span><\/div><div class=\"fusion-clearfix\"><\/div><\/div><\/div><\/div><\/div>\n","protected":false},"excerpt":{"rendered":"","protected":false},"author":8,"featured_media":9201,"comment_status":"closed","ping_status":"open","sticky":false,"template":"","format":"standard","meta":{"footnotes":""},"categories":[39,43],"tags":[],"class_list":["post-9283","post","type-post","status-publish","format-standard","has-post-thumbnail","hentry","category-archive","category-design-story-en"],"publishpress_future_action":{"enabled":false,"date":"2026-05-09 07:11:17","action":"change-status","newStatus":"draft","terms":[],"taxonomy":"category","extraData":[]},"publishpress_future_workflow_manual_trigger":{"enabledWorkflows":[]},"_links":{"self":[{"href":"https:\/\/autodesignmagazine.com\/en\/wp-json\/wp\/v2\/posts\/9283","targetHints":{"allow":["GET"]}}],"collection":[{"href":"https:\/\/autodesignmagazine.com\/en\/wp-json\/wp\/v2\/posts"}],"about":[{"href":"https:\/\/autodesignmagazine.com\/en\/wp-json\/wp\/v2\/types\/post"}],"author":[{"embeddable":true,"href":"https:\/\/autodesignmagazine.com\/en\/wp-json\/wp\/v2\/users\/8"}],"replies":[{"embeddable":true,"href":"https:\/\/autodesignmagazine.com\/en\/wp-json\/wp\/v2\/comments?post=9283"}],"version-history":[{"count":0,"href":"https:\/\/autodesignmagazine.com\/en\/wp-json\/wp\/v2\/posts\/9283\/revisions"}],"wp:featuredmedia":[{"embeddable":true,"href":"https:\/\/autodesignmagazine.com\/en\/wp-json\/wp\/v2\/media\/9201"}],"wp:attachment":[{"href":"https:\/\/autodesignmagazine.com\/en\/wp-json\/wp\/v2\/media?parent=9283"}],"wp:term":[{"taxonomy":"category","embeddable":true,"href":"https:\/\/autodesignmagazine.com\/en\/wp-json\/wp\/v2\/categories?post=9283"},{"taxonomy":"post_tag","embeddable":true,"href":"https:\/\/autodesignmagazine.com\/en\/wp-json\/wp\/v2\/tags?post=9283"}],"curies":[{"name":"wp","href":"https:\/\/api.w.org\/{rel}","templated":true}]}}