{"id":9339,"date":"2015-10-01T15:50:58","date_gmt":"2015-10-01T13:50:58","guid":{"rendered":"http:\/\/autodesignmagazine.com\/en\/2015\/10\/altran-design-centre-polo-di-eccellenza-nel-car-design-a-torino\/"},"modified":"2017-02-21T09:03:37","modified_gmt":"2017-02-21T08:03:37","slug":"altran-design-centre-polo-di-eccellenza-nel-car-design-a-torino","status":"publish","type":"post","link":"https:\/\/autodesignmagazine.com\/en\/2015\/10\/altran-design-centre-polo-di-eccellenza-nel-car-design-a-torino\/","title":{"rendered":"ALTRAN DESIGN CENTRE, IL POLO DI ECCELLENZA DEL CAR DESIGN A TORINO"},"content":{"rendered":"<div class=\"fusion-fullwidth fullwidth-box fusion-builder-row-1 hundred-percent-fullwidth non-hundred-percent-height-scrolling\" style=\"--awb-border-radius-top-left:0px;--awb-border-radius-top-right:0px;--awb-border-radius-bottom-right:0px;--awb-border-radius-bottom-left:0px;--awb-overflow:visible;--awb-flex-wrap:wrap;\" ><div class=\"fusion-builder-row fusion-row\"><div class=\"fusion-layout-column fusion_builder_column fusion-builder-column-0 fusion_builder_column_1_1 1_1 fusion-one-full fusion-column-first fusion-column-last\" style=\"--awb-bg-size:cover;\"><div class=\"fusion-column-wrapper fusion-flex-column-wrapper-legacy\"><div class=\"fusion-text fusion-text-1\"><p>Il 30 settembre \u00e8 stato inaugurato a Torino il nuovo Altran Design Centre alla presenza di Enzo Lavolta, assessore del Comune di Torino con delega allo sviluppo tecnologico, all\u2019innovazione e responsabile del progetto \u201cTorino Smart City\u201d.<\/p>\n<\/div><div class=\"fusion-clearfix\"><\/div><\/div><\/div><div class=\"fusion-layout-column fusion_builder_column fusion-builder-column-1 fusion_builder_column_1_1 1_1 fusion-one-full fusion-column-first fusion-column-last\" style=\"--awb-bg-size:cover;\"><div class=\"fusion-column-wrapper fusion-flex-column-wrapper-legacy\"><div class=\"fusion-image-element in-legacy-container\" style=\"--awb-caption-title-font-family:var(--h2_typography-font-family);--awb-caption-title-font-weight:var(--h2_typography-font-weight);--awb-caption-title-font-style:var(--h2_typography-font-style);--awb-caption-title-size:var(--h2_typography-font-size);--awb-caption-title-transform:var(--h2_typography-text-transform);--awb-caption-title-line-height:var(--h2_typography-line-height);--awb-caption-title-letter-spacing:var(--h2_typography-letter-spacing);\"><span class=\" fusion-imageframe imageframe-none imageframe-1 hover-type-none\"><img decoding=\"async\" src=\"data:image\/gif;base64,R0lGODlhAQABAAAAACH5BAEKAAEALAAAAAABAAEAAAICTAEAOw==\" data-orig-src=\"http:\/\/autodesignmagazine.com\/wp-content\/uploads\/2016\/01\/2015100102_ALTRAN_CENTER.jpg\" alt class=\"lazyload img-responsive\"\/><\/span><\/div><div class=\"fusion-clearfix\"><\/div><\/div><\/div><div class=\"fusion-layout-column fusion_builder_column fusion-builder-column-2 fusion_builder_column_1_1 1_1 fusion-one-full fusion-column-first fusion-column-last\" style=\"--awb-bg-size:cover;\"><div class=\"fusion-column-wrapper fusion-flex-column-wrapper-legacy\"><div class=\"fusion-text fusion-text-2\"><p>\u00abNegli ultimi anni la citt\u00e0 di Torino \u00e8 stata attraversata da una trasformazione urbanistica e di vocazione: gli spazi che un tempo erano occupati dal settore manifatturiero, ora sono dedicati ad attivit\u00e0 focalizzate su tecnologia e innovazione \u2013 ha affermato Enzo Lavolta \u2013 Siamo lieti che Altran Italia metta le sue competenze a disposizione del territorio e che stia continuando a investire qui: aziende come Altran rafforzano la visione di Torino con pennellate di creativit\u00e0 e innovazione, approfittando di un ecosistema fertile che pu\u00f2 contare non solo sulle imprese, ma anche su universit\u00e0 e centri di ricerca\u00bb.<\/p>\n<\/div><div class=\"fusion-clearfix\"><\/div><\/div><\/div><div class=\"fusion-layout-column fusion_builder_column fusion-builder-column-3 fusion_builder_column_1_1 1_1 fusion-one-full fusion-column-first fusion-column-last\" style=\"--awb-bg-size:cover;\"><div class=\"fusion-column-wrapper fusion-flex-column-wrapper-legacy\"><div class=\"fusion-image-element in-legacy-container\" style=\"--awb-caption-title-font-family:var(--h2_typography-font-family);--awb-caption-title-font-weight:var(--h2_typography-font-weight);--awb-caption-title-font-style:var(--h2_typography-font-style);--awb-caption-title-size:var(--h2_typography-font-size);--awb-caption-title-transform:var(--h2_typography-text-transform);--awb-caption-title-line-height:var(--h2_typography-line-height);--awb-caption-title-letter-spacing:var(--h2_typography-letter-spacing);\"><span class=\" fusion-imageframe imageframe-none imageframe-2 hover-type-none\"><img decoding=\"async\" src=\"data:image\/gif;base64,R0lGODlhAQABAAAAACH5BAEKAAEALAAAAAABAAEAAAICTAEAOw==\" data-orig-src=\"http:\/\/autodesignmagazine.com\/wp-content\/uploads\/2016\/01\/2015100103_ALTRAN_CENTER.jpg\" alt class=\"lazyload img-responsive\"\/><\/span><\/div><div class=\"fusion-clearfix\"><\/div><\/div><\/div><div class=\"fusion-layout-column fusion_builder_column fusion-builder-column-4 fusion_builder_column_1_1 1_1 fusion-one-full fusion-column-first fusion-column-last\" style=\"--awb-bg-size:cover;\"><div class=\"fusion-column-wrapper fusion-flex-column-wrapper-legacy\"><div class=\"fusion-text fusion-text-3\"><p>L\u2019Altran Design Centre nasce dalla collaborazione fra Altran Italia, branch italiana del Gruppo Altran specializzato in consulenza in ingegneria e innovazione, e Inovo Design, studio che ha firmato prestigiosi progetti di industrial design negli ultimi venti anni.<\/p>\n<p>Maurizio Ficcadenti, CEO di Inovo Design, afferma: \u00abIl nuovo Design Centre diventer\u00e0 un HUB per sviluppare servizi innovativi, unendo l\u2019esperienza di Altran nel settore dell\u2019ingegneria e della tecnologia alla creativit\u00e0 di Inovo Design nel fornire soluzioni che anticipano le esigenze dei nostri clienti\u00bb. Ha inoltre presentato un preview del progetto ALPHA, un prototipo virtuale contenitore di tecnologie proiettate nel futuro, che consentir\u00e0 all\u2019utente di interagire con l\u2019oggetto virtuale.<\/p>\n<\/div><div class=\"fusion-clearfix\"><\/div><\/div><\/div><div class=\"fusion-layout-column fusion_builder_column fusion-builder-column-5 fusion_builder_column_1_1 1_1 fusion-one-full fusion-column-first fusion-column-last\" style=\"--awb-bg-size:cover;\"><div class=\"fusion-column-wrapper fusion-flex-column-wrapper-legacy\"><div class=\"fusion-image-element in-legacy-container\" style=\"--awb-caption-title-font-family:var(--h2_typography-font-family);--awb-caption-title-font-weight:var(--h2_typography-font-weight);--awb-caption-title-font-style:var(--h2_typography-font-style);--awb-caption-title-size:var(--h2_typography-font-size);--awb-caption-title-transform:var(--h2_typography-text-transform);--awb-caption-title-line-height:var(--h2_typography-line-height);--awb-caption-title-letter-spacing:var(--h2_typography-letter-spacing);\"><span class=\" fusion-imageframe imageframe-none imageframe-3 hover-type-none\"><img decoding=\"async\" src=\"data:image\/gif;base64,R0lGODlhAQABAAAAACH5BAEKAAEALAAAAAABAAEAAAICTAEAOw==\" data-orig-src=\"http:\/\/autodesignmagazine.com\/wp-content\/uploads\/2016\/01\/2015100104_ALTRAN_CENTER.jpg\" alt class=\"lazyload img-responsive\"\/><\/span><\/div><div class=\"fusion-clearfix\"><\/div><\/div><\/div><div class=\"fusion-layout-column fusion_builder_column fusion-builder-column-6 fusion_builder_column_1_1 1_1 fusion-one-full fusion-column-first fusion-column-last\" style=\"--awb-bg-size:cover;\"><div class=\"fusion-column-wrapper fusion-flex-column-wrapper-legacy\"><div class=\"fusion-text fusion-text-4\"><p>Infine Marcel Patrignani, Chairman &amp; CEO di Altran, ha ribadito la volont\u00e0 dell\u2019azienda di continuare a investire sul territorio, assecondando la vocazione di Torino a diventare punto di riferimento nazionale per l\u2019innovazione.<\/p>\n<\/div><div class=\"fusion-clearfix\"><\/div><\/div><\/div><div class=\"fusion-layout-column fusion_builder_column fusion-builder-column-7 fusion_builder_column_1_1 1_1 fusion-one-full fusion-column-first fusion-column-last\" style=\"--awb-bg-size:cover;\"><div class=\"fusion-column-wrapper fusion-flex-column-wrapper-legacy\"><div class=\"fusion-text fusion-text-5\"><p>Durante l\u2019evento \u00e8 stata presentata la nuova linea di offerta Altran dedicata all\u2019industrial design e alle tecnologie di cui sono dotate le due Virtual Room presenti nel Design Centre, ed \u00e8 stato anche dato spazio alle competenze dei partner di Altran nella messa a punto di questa offerta che coniuga l\u2019industrial design all\u2019additive manufacturing: Cadland, Dassault Syst\u00e8mes, 3Dsystems e 3DZ, Esi-group.<br \/>\nL\u2019Altran Design Centre \u00e8 dedicato alla ricerca, ideazione e sviluppo di soluzioni di concetto e di design per l&#8217;industria. Risponde alle crescenti esigenze dei clienti in termini di \u201cstile\u201d, un elemento sempre pi\u00f9 determinante nel caratterizzare e dare valore aggiunto ai prodotti nei pi\u00f9 svariati ambiti, dall\u2019automotive agli elettrodomestici, dal packaging agli oggetti di uso quotidiano.<br \/>\nIntegrando la sua tradizionale offerta ingegneristica con l\u2019industrial design, Altran si propone ora come partner dei principali player del mercato sin dalle fasi iniziali di concept per accompagnare l\u2019evoluzione del prodotto e l\u2019industrializzazione, con servizi completi per lo sviluppo turn-key dei loro progetti. L\u2019offerta in ambito design va dalla stesura dei primi bozzetti alla creazione delle superfici matematiche, ed in particolare: studi di impostazione e macro-fattibilit\u00e0, proposte di stile, modellazione CAS, user interface, esplorazione immersiva del modello digitale comprensivo di tracking, rendering ad alta risoluzione, animazioni digitali, filmati per utilizzo nel settore del marketing e promozione anche su canali internet.<br \/>\nL\u2019investimento di Altran in questo settore \u00e8 coerente con una politica di crescita promossa dall\u2019azienda, attiva sin dal 1996 sul territorio, e rilancia l\u2019immagine di Torino come citt\u00e0 di innovazione e di avanguardia in questo campo: non a caso il capoluogo piemontese nel 2008 era stato decretato dall\u2019Unesco &#8220;Creative City\u201d per la categoria Design.<\/p>\n<\/div><div class=\"fusion-clearfix\"><\/div><\/div><\/div><\/div><\/div>\n","protected":false},"excerpt":{"rendered":"","protected":false},"author":15,"featured_media":9330,"comment_status":"closed","ping_status":"open","sticky":false,"template":"","format":"standard","meta":{"footnotes":""},"categories":[87],"tags":[],"class_list":["post-9339","post","type-post","status-publish","format-standard","has-post-thumbnail","hentry","category-extra-en"],"publishpress_future_action":{"enabled":false,"date":"2026-05-04 17:21:19","action":"change-status","newStatus":"draft","terms":[],"taxonomy":"category","extraData":[]},"publishpress_future_workflow_manual_trigger":{"enabledWorkflows":[]},"_links":{"self":[{"href":"https:\/\/autodesignmagazine.com\/en\/wp-json\/wp\/v2\/posts\/9339","targetHints":{"allow":["GET"]}}],"collection":[{"href":"https:\/\/autodesignmagazine.com\/en\/wp-json\/wp\/v2\/posts"}],"about":[{"href":"https:\/\/autodesignmagazine.com\/en\/wp-json\/wp\/v2\/types\/post"}],"author":[{"embeddable":true,"href":"https:\/\/autodesignmagazine.com\/en\/wp-json\/wp\/v2\/users\/15"}],"replies":[{"embeddable":true,"href":"https:\/\/autodesignmagazine.com\/en\/wp-json\/wp\/v2\/comments?post=9339"}],"version-history":[{"count":0,"href":"https:\/\/autodesignmagazine.com\/en\/wp-json\/wp\/v2\/posts\/9339\/revisions"}],"wp:featuredmedia":[{"embeddable":true,"href":"https:\/\/autodesignmagazine.com\/en\/wp-json\/wp\/v2\/media\/9330"}],"wp:attachment":[{"href":"https:\/\/autodesignmagazine.com\/en\/wp-json\/wp\/v2\/media?parent=9339"}],"wp:term":[{"taxonomy":"category","embeddable":true,"href":"https:\/\/autodesignmagazine.com\/en\/wp-json\/wp\/v2\/categories?post=9339"},{"taxonomy":"post_tag","embeddable":true,"href":"https:\/\/autodesignmagazine.com\/en\/wp-json\/wp\/v2\/tags?post=9339"}],"curies":[{"name":"wp","href":"https:\/\/api.w.org\/{rel}","templated":true}]}}