{"id":9534,"date":"2012-01-05T17:35:38","date_gmt":"2012-01-05T16:35:38","guid":{"rendered":"http:\/\/autodesignmagazine.com\/en\/2012\/01\/volvo-you-effetto-cina-nella-svolta-scandinava\/"},"modified":"2017-02-21T09:05:57","modified_gmt":"2017-02-21T08:05:57","slug":"volvo-you-effetto-cina-nella-svolta-scandinava","status":"publish","type":"post","link":"https:\/\/autodesignmagazine.com\/en\/2012\/01\/volvo-you-effetto-cina-nella-svolta-scandinava\/","title":{"rendered":"VOLVO YOU, EFFETTO CINA NELLA SVOLTA SCANDINAVA"},"content":{"rendered":"<div class=\"fusion-fullwidth fullwidth-box fusion-builder-row-1 hundred-percent-fullwidth non-hundred-percent-height-scrolling\" style=\"--awb-border-radius-top-left:0px;--awb-border-radius-top-right:0px;--awb-border-radius-bottom-right:0px;--awb-border-radius-bottom-left:0px;--awb-overflow:visible;--awb-flex-wrap:wrap;\" ><div class=\"fusion-builder-row fusion-row\"><div class=\"fusion-layout-column fusion_builder_column fusion-builder-column-0 fusion_builder_column_1_1 1_1 fusion-one-full fusion-column-first fusion-column-last\" style=\"--awb-bg-size:cover;\"><div class=\"fusion-column-wrapper fusion-flex-column-wrapper-legacy\"><div class=\"fusion-text fusion-text-1\"><p>Sono passati quasi vent\u2019anni da quando la Volvo prese l\u2019audace decisione di abbandonare il caratteristico design \u201ca scatola\u201d di Jan Wilsgard a partire dal prototipo ECC (Environmental Concept Car) a basso impatto ambientale. Un package di forme, volumi e grafica innovativi che avrebbe contraddistinto tutte la autovetture Volvo dalla S80 di prima generazione in poi, compresa l\u2019attuale S60. Ora, per\u00f2, i tempi sono maturi per una nuova definizione di design scandinavo \u201ccool\u201d.<\/p>\n<\/div><div class=\"fusion-clearfix\"><\/div><\/div><\/div><div class=\"fusion-layout-column fusion_builder_column fusion-builder-column-1 fusion_builder_column_1_1 1_1 fusion-one-full fusion-column-first fusion-column-last\" style=\"--awb-bg-size:cover;\"><div class=\"fusion-column-wrapper fusion-flex-column-wrapper-legacy\"><div class=\"fusion-image-element in-legacy-container\" style=\"--awb-caption-title-font-family:var(--h2_typography-font-family);--awb-caption-title-font-weight:var(--h2_typography-font-weight);--awb-caption-title-font-style:var(--h2_typography-font-style);--awb-caption-title-size:var(--h2_typography-font-size);--awb-caption-title-transform:var(--h2_typography-text-transform);--awb-caption-title-line-height:var(--h2_typography-line-height);--awb-caption-title-letter-spacing:var(--h2_typography-letter-spacing);\"><span class=\" fusion-imageframe imageframe-none imageframe-1 hover-type-none\"><img decoding=\"async\" src=\"data:image\/gif;base64,R0lGODlhAQABAAAAACH5BAEKAAEALAAAAAABAAEAAAICTAEAOw==\" data-orig-src=\"http:\/\/autodesignmagazine.com\/wp-content\/uploads\/2016\/01\/2012010502_Volvo-You.jpg\" alt class=\"lazyload img-responsive\"\/><\/span><\/div><div class=\"fusion-clearfix\"><\/div><\/div><\/div><div class=\"fusion-layout-column fusion_builder_column fusion-builder-column-2 fusion_builder_column_1_1 1_1 fusion-one-full fusion-column-first fusion-column-last\" style=\"--awb-bg-size:cover;\"><div class=\"fusion-column-wrapper fusion-flex-column-wrapper-legacy\"><div class=\"fusion-text fusion-text-2\"><p>\u00abVolevamo tornare alle superfici anzich\u00e9 alle linee\u00bb, spiega Peter Horbury, per quasi due decadi responsabile del design Volvo, che ora coordiner\u00e0 le attivit\u00e0 di progettazione del gruppo Geely. Con la disponibilit\u00e0 della nuova piattaforma SPA (Architettura di Piattaforma Scalabile) e il nuovo proprietario, la cinese Geely a cui la Ford ha venduto l\u2019iconico marchio svedese, \u00e8 ora possibile ridefinire il design Volvo, fin qui caratterizzato dal corpo vettura massiccio, dall\u2019elegante calandra rettangolare e dalla grafica particolare dei fanali posteriori.<\/p>\n<\/div><div class=\"fusion-clearfix\"><\/div><\/div><\/div><div class=\"fusion-layout-column fusion_builder_column fusion-builder-column-3 fusion_builder_column_1_1 1_1 fusion-one-full fusion-column-first fusion-column-last\" style=\"--awb-bg-size:cover;\"><div class=\"fusion-column-wrapper fusion-flex-column-wrapper-legacy\"><div class=\"fusion-image-element in-legacy-container\" style=\"--awb-caption-title-font-family:var(--h2_typography-font-family);--awb-caption-title-font-weight:var(--h2_typography-font-weight);--awb-caption-title-font-style:var(--h2_typography-font-style);--awb-caption-title-size:var(--h2_typography-font-size);--awb-caption-title-transform:var(--h2_typography-text-transform);--awb-caption-title-line-height:var(--h2_typography-line-height);--awb-caption-title-letter-spacing:var(--h2_typography-letter-spacing);\"><span class=\" fusion-imageframe imageframe-none imageframe-2 hover-type-none\"><img decoding=\"async\" src=\"data:image\/gif;base64,R0lGODlhAQABAAAAACH5BAEKAAEALAAAAAABAAEAAAICTAEAOw==\" data-orig-src=\"http:\/\/autodesignmagazine.com\/wp-content\/uploads\/2016\/01\/2012010503_Volvo_You.jpg\" alt class=\"lazyload img-responsive\"\/><\/span><\/div><div class=\"fusion-clearfix\"><\/div><\/div><\/div><div class=\"fusion-layout-column fusion_builder_column fusion-builder-column-4 fusion_builder_column_1_1 1_1 fusion-one-full fusion-column-first fusion-column-last\" style=\"--awb-bg-size:cover;\"><div class=\"fusion-column-wrapper fusion-flex-column-wrapper-legacy\"><div class=\"fusion-text fusion-text-3\"><p>La piattaforma SPA era gi\u00e0 stata presa in considerazione negli ultimi giorni della propriet\u00e0 Ford, ma l\u2019idea di abbandonare la vecchia strategia di design Volvo fu introdotta dopo l\u2019acquisizione da parte di Geely e l\u2019arrivo, come nuovo CEO dell\u2019azienda, di Stefan Jacoby, che decise anche di orientarsi verso un gruppo motore-trasmissione-ponte a 4 cilindri di dimensioni ridotte. Horbury chiese all\u2019ex designer Ford Andreas Nilsson di dirigere il design avanzato Volvo e di occuparsi del nuovo concetto di vettura grande, il cui risultato fu la proposta senza compromessi svelata ad aprile 2011.<\/p>\n<p><strong>Articolo completo su Auto &amp; Design n. 192<\/strong><\/p>\n<\/div><div class=\"fusion-clearfix\"><\/div><\/div><\/div><\/div><\/div>\n","protected":false},"excerpt":{"rendered":"","protected":false},"author":9,"featured_media":9496,"comment_status":"closed","ping_status":"open","sticky":false,"template":"","format":"standard","meta":{"footnotes":""},"categories":[39,87],"tags":[],"class_list":["post-9534","post","type-post","status-publish","format-standard","has-post-thumbnail","hentry","category-archive","category-extra-en"],"publishpress_future_action":{"enabled":false,"date":"2026-05-10 10:27:24","action":"change-status","newStatus":"draft","terms":[],"taxonomy":"category","extraData":[]},"publishpress_future_workflow_manual_trigger":{"enabledWorkflows":[]},"_links":{"self":[{"href":"https:\/\/autodesignmagazine.com\/en\/wp-json\/wp\/v2\/posts\/9534","targetHints":{"allow":["GET"]}}],"collection":[{"href":"https:\/\/autodesignmagazine.com\/en\/wp-json\/wp\/v2\/posts"}],"about":[{"href":"https:\/\/autodesignmagazine.com\/en\/wp-json\/wp\/v2\/types\/post"}],"author":[{"embeddable":true,"href":"https:\/\/autodesignmagazine.com\/en\/wp-json\/wp\/v2\/users\/9"}],"replies":[{"embeddable":true,"href":"https:\/\/autodesignmagazine.com\/en\/wp-json\/wp\/v2\/comments?post=9534"}],"version-history":[{"count":0,"href":"https:\/\/autodesignmagazine.com\/en\/wp-json\/wp\/v2\/posts\/9534\/revisions"}],"wp:featuredmedia":[{"embeddable":true,"href":"https:\/\/autodesignmagazine.com\/en\/wp-json\/wp\/v2\/media\/9496"}],"wp:attachment":[{"href":"https:\/\/autodesignmagazine.com\/en\/wp-json\/wp\/v2\/media?parent=9534"}],"wp:term":[{"taxonomy":"category","embeddable":true,"href":"https:\/\/autodesignmagazine.com\/en\/wp-json\/wp\/v2\/categories?post=9534"},{"taxonomy":"post_tag","embeddable":true,"href":"https:\/\/autodesignmagazine.com\/en\/wp-json\/wp\/v2\/tags?post=9534"}],"curies":[{"name":"wp","href":"https:\/\/api.w.org\/{rel}","templated":true}]}}