{"id":9623,"date":"2016-01-20T15:42:42","date_gmt":"2016-01-20T14:42:42","guid":{"rendered":"http:\/\/autodesignmagazine.com\/en\/2016\/01\/nuove-ds-3-e-ds-cabrio-piu-chic-e-connesse\/"},"modified":"2017-02-21T09:02:34","modified_gmt":"2017-02-21T08:02:34","slug":"nuove-ds-3-e-ds-cabrio-piu-chic-e-connesse","status":"publish","type":"post","link":"https:\/\/autodesignmagazine.com\/en\/2016\/01\/nuove-ds-3-e-ds-cabrio-piu-chic-e-connesse\/","title":{"rendered":"NUOVE DS 3 E DS CABRIO, PI\u00d9 CHIC E CONNESSE"},"content":{"rendered":"<div class=\"fusion-fullwidth fullwidth-box fusion-builder-row-1 hundred-percent-fullwidth non-hundred-percent-height-scrolling\" style=\"--awb-border-radius-top-left:0px;--awb-border-radius-top-right:0px;--awb-border-radius-bottom-right:0px;--awb-border-radius-bottom-left:0px;--awb-overflow:visible;--awb-flex-wrap:wrap;\" ><div class=\"fusion-builder-row fusion-row\"><div class=\"fusion-layout-column fusion_builder_column fusion-builder-column-0 fusion_builder_column_1_1 1_1 fusion-one-full fusion-column-first fusion-column-last\" style=\"--awb-bg-size:cover;\"><div class=\"fusion-column-wrapper fusion-flex-column-wrapper-legacy\"><div class=\"fusion-text fusion-text-1\"><p>Dal lancio nel 2010, l\u2019attrazione per la parigina DS 3 \u00e8 sempre cresciuta tra i clienti in tutto il mondo, fino a diventare una vera icona, grazie alla sua personalit\u00e0, allo stile unico, al piacere di guida e agli equipaggiamenti moderni. Sulla scia di questo successo, la nuova DS 3 e DS 3 Cabrio, presentate oggi sotto la Piramide del Louvre a Parigi, si rinnovano nel design con un nuovo frontale, nuove proposte di personalizzazione e una migliore connettivit\u00e0 e assistenza alla guida. I team di design DS hanno, quindi, conservato nel tempo le sue caratteristiche uniche: trattamento bicolore tetto\/carrozzeria e linea di cintura dal disegno a \u201cpinna di squalo\u201d.<\/p>\n<\/div><div class=\"fusion-clearfix\"><\/div><\/div><\/div><div class=\"fusion-layout-column fusion_builder_column fusion-builder-column-1 fusion_builder_column_1_1 1_1 fusion-one-full fusion-column-first fusion-column-last\" style=\"--awb-bg-size:cover;\"><div class=\"fusion-column-wrapper fusion-flex-column-wrapper-legacy\"><div class=\"fusion-image-element in-legacy-container\" style=\"--awb-caption-title-font-family:var(--h2_typography-font-family);--awb-caption-title-font-weight:var(--h2_typography-font-weight);--awb-caption-title-font-style:var(--h2_typography-font-style);--awb-caption-title-size:var(--h2_typography-font-size);--awb-caption-title-transform:var(--h2_typography-text-transform);--awb-caption-title-line-height:var(--h2_typography-line-height);--awb-caption-title-letter-spacing:var(--h2_typography-letter-spacing);\"><span class=\" fusion-imageframe imageframe-none imageframe-1 hover-type-none\"><img decoding=\"async\" src=\"data:image\/gif;base64,R0lGODlhAQABAAAAACH5BAEKAAEALAAAAAABAAEAAAICTAEAOw==\" data-orig-src=\"http:\/\/autodesignmagazine.com\/wp-content\/uploads\/2016\/01\/2016012002_DS3_DS3Cabrio.jpg\" alt class=\"lazyload img-responsive\"\/><\/span><\/div><div class=\"fusion-clearfix\"><\/div><\/div><\/div><div class=\"fusion-layout-column fusion_builder_column fusion-builder-column-2 fusion_builder_column_1_1 1_1 fusion-one-full fusion-column-first fusion-column-last\" style=\"--awb-bg-size:cover;\"><div class=\"fusion-column-wrapper fusion-flex-column-wrapper-legacy\"><div class=\"fusion-text fusion-text-2\"><p>\u00abLa silhouette delle DS 3, compatta e dinamica, con i dettagli cromati, le rende un oggetto unico, espressivo e seducente. Questi tratti caratteristici sono arricchiti dalla linea posteriore con i fari 3D a LED, altamente ipnotici\u00bb, commenta Thierry Metroz, Direttore del Design DS. La nuova DS 3 offre numerose personalizzazioni per quanto riguarda il tetto, la carrozzeria, la calotte dei retrovisori, i cerchi e la plancia, ad esempio, e propone 78 combinazioni di tinte per la carrozzeria e il tetto.<\/p>\n<\/div><div class=\"fusion-clearfix\"><\/div><\/div><\/div><div class=\"fusion-layout-column fusion_builder_column fusion-builder-column-3 fusion_builder_column_1_1 1_1 fusion-one-full fusion-column-first fusion-column-last\" style=\"--awb-bg-size:cover;\"><div class=\"fusion-column-wrapper fusion-flex-column-wrapper-legacy\"><div class=\"fusion-image-element in-legacy-container\" style=\"--awb-caption-title-font-family:var(--h2_typography-font-family);--awb-caption-title-font-weight:var(--h2_typography-font-weight);--awb-caption-title-font-style:var(--h2_typography-font-style);--awb-caption-title-size:var(--h2_typography-font-size);--awb-caption-title-transform:var(--h2_typography-text-transform);--awb-caption-title-line-height:var(--h2_typography-line-height);--awb-caption-title-letter-spacing:var(--h2_typography-letter-spacing);\"><span class=\" fusion-imageframe imageframe-none imageframe-2 hover-type-none\"><img decoding=\"async\" src=\"data:image\/gif;base64,R0lGODlhAQABAAAAACH5BAEKAAEALAAAAAABAAEAAAICTAEAOw==\" data-orig-src=\"http:\/\/autodesignmagazine.com\/wp-content\/uploads\/2016\/01\/2016012003_DS3_DS3Cabrio.jpg\" alt class=\"lazyload img-responsive\"\/><\/span><\/div><div class=\"fusion-clearfix\"><\/div><\/div><\/div><div class=\"fusion-layout-column fusion_builder_column fusion-builder-column-4 fusion_builder_column_1_1 1_1 fusion-one-full fusion-column-first fusion-column-last\" style=\"--awb-bg-size:cover;\"><div class=\"fusion-column-wrapper fusion-flex-column-wrapper-legacy\"><div class=\"fusion-text fusion-text-3\"><p>In particolare, la personalizzazione esterna \u00e8 molto attuale grazie ai 10 adesivi del tetto disponibili per la Berlina, oltre alle 4 tinte del tetto, ai 4 colori della capote per la Cabrio, ai 10 gusci dei retrovisori e ai 15 cerchi in lega da 16\u201d e 17\u201d proposti sulle 2 silhouette. Gli interni, invece, si ispirano alla moda e giocano con i materiali. Nuovi rivestimenti e nuove decorazioni come il tessuto dinamica nero basalto, la decorazione marrone topazio, e altres\u00ec la pelle, un materiale senza tempo. La fascia della plancia pu\u00f2 essere rivestita in pelle con il monogramma DS in rilievo, mentre la palpebra del quadro strumenti pu\u00f2 essere rivestita in similpelle con impunture a contrasto. La nuova DS 3 \u00e8 un incontro tra tecnologia e raffinatezza grazie alla serigrafia sui vetri laterali posteriori, abbinata a un\u2019incisione laser con lo stesso motivo sulla fascia della plancia o sui gusci dei retrovisori.<\/p>\n<\/div><div class=\"fusion-clearfix\"><\/div><\/div><\/div><\/div><\/div>\n","protected":false},"excerpt":{"rendered":"","protected":false},"author":15,"featured_media":9616,"comment_status":"closed","ping_status":"open","sticky":false,"template":"","format":"standard","meta":{"footnotes":""},"categories":[28],"tags":[],"class_list":["post-9623","post","type-post","status-publish","format-standard","has-post-thumbnail","hentry","category-news-en"],"publishpress_future_action":{"enabled":false,"date":"2026-05-04 14:56:26","action":"change-status","newStatus":"draft","terms":[],"taxonomy":"category","extraData":[]},"publishpress_future_workflow_manual_trigger":{"enabledWorkflows":[]},"_links":{"self":[{"href":"https:\/\/autodesignmagazine.com\/en\/wp-json\/wp\/v2\/posts\/9623","targetHints":{"allow":["GET"]}}],"collection":[{"href":"https:\/\/autodesignmagazine.com\/en\/wp-json\/wp\/v2\/posts"}],"about":[{"href":"https:\/\/autodesignmagazine.com\/en\/wp-json\/wp\/v2\/types\/post"}],"author":[{"embeddable":true,"href":"https:\/\/autodesignmagazine.com\/en\/wp-json\/wp\/v2\/users\/15"}],"replies":[{"embeddable":true,"href":"https:\/\/autodesignmagazine.com\/en\/wp-json\/wp\/v2\/comments?post=9623"}],"version-history":[{"count":0,"href":"https:\/\/autodesignmagazine.com\/en\/wp-json\/wp\/v2\/posts\/9623\/revisions"}],"wp:featuredmedia":[{"embeddable":true,"href":"https:\/\/autodesignmagazine.com\/en\/wp-json\/wp\/v2\/media\/9616"}],"wp:attachment":[{"href":"https:\/\/autodesignmagazine.com\/en\/wp-json\/wp\/v2\/media?parent=9623"}],"wp:term":[{"taxonomy":"category","embeddable":true,"href":"https:\/\/autodesignmagazine.com\/en\/wp-json\/wp\/v2\/categories?post=9623"},{"taxonomy":"post_tag","embeddable":true,"href":"https:\/\/autodesignmagazine.com\/en\/wp-json\/wp\/v2\/tags?post=9623"}],"curies":[{"name":"wp","href":"https:\/\/api.w.org\/{rel}","templated":true}]}}